{"id":52988,"date":"2022-05-03T11:50:47","date_gmt":"2022-05-03T16:50:47","guid":{"rendered":"https:\/\/nvnoticias.mx\/?p=52988"},"modified":"2022-05-03T11:50:48","modified_gmt":"2022-05-03T16:50:48","slug":"cames-ya-comenzaron-a-ser-desmantelados-salud-afirma-que-ya-no-son-necesarios","status":"publish","type":"post","link":"https:\/\/nvnoticias.mx\/index.php\/2022\/05\/03\/cames-ya-comenzaron-a-ser-desmantelados-salud-afirma-que-ya-no-son-necesarios\/","title":{"rendered":"CAMES ya comenzaron a ser desmantelados; Salud afirma que ya no son necesarios"},"content":{"rendered":"\n<p><strong>Sam Ojeda | NV Noticias <\/strong><\/p>\n\n\n\n<p>Xalapa.- El secretario de Salud, Roberto Ramos Alor, se\u00f1al\u00f3 que los Centros de Atenci\u00f3n M\u00e9dica Expandida (CAME) C-19 en el estado de Veracruz ya comenzaron a ser desmantelados.<\/p>\n\n\n\n<p>Dijo que esto se determin\u00f3 luego de que la entidad registra una baja sostenida en los casos de covid-19., debido a que la ocupaci\u00f3n hospitalaria, los contagios y defunciones por esta enfermedad han disminuido<\/p>\n\n\n\n<p>Inform\u00f3 que el equipo m\u00e9dico y los insumos que se ten\u00edan en estos espacios como el Vel\u00f3dromo de Xalapa y el Centro de Raqueta en Boca del R\u00edo, ser\u00e1n enviados a centros de salud y hospitales.<\/p>\n\n\n\n<blockquote class=\"wp-block-quote is-layout-flow wp-block-quote-is-layout-flow\"><p>\u201cDecidimos utilizar todos esos espacios para lo que eran y los insumos y equipos m\u00e9dicos se distribuyen en hospitales y centros de salud\u201d.<\/p><\/blockquote>\n\n\n\n<p>Rercod\u00f3 que instalaciones fueron parte de una estrategia para ampliar y tener recursos de camas y ventiladores disponibles durante la primera, segunda y tercera ola de contagios.<\/p>\n\n\n\n<p>Hay que recordar que el costo para la instalaci\u00f3n de los CAME en Veracruz fue de 35.4 millones de pesos y se contrataron a m\u00e1s de 200 empleados para atender a los pacientes no graves.<\/p>\n","protected":false},"excerpt":{"rendered":"<p>Sam Ojeda | NV Noticias Xalapa.- El secretario de Salud, Roberto Ramos Alor, se\u00f1al\u00f3 que los Centros de Atenci\u00f3n M\u00e9dica Expandida (CAME) C-19 en el estado de Veracruz ya comenzaron a ser desmantelados. Dijo que esto se determin\u00f3 luego de que la entidad registra una baja sostenida en los casos de covid-19., debido a que [&hellip;]<\/p>\n","protected":false},"author":35,"featured_media":8629,"comment_status":"open","ping_status":"open","sticky":false,"template":"","format":"standard","meta":{"_monsterinsights_skip_tracking":false,"_monsterinsights_sitenote_active":false,"_monsterinsights_sitenote_note":"","_monsterinsights_sitenote_category":0,"footnotes":""},"categories":[156],"tags":[10620,14319,14320,14321,14181,193],"class_list":["post-52988","post","type-post","status-publish","format-standard","has-post-thumbnail","hentry","category-estado","tag-afirma","tag-cames","tag-comenzaron","tag-desmantelados","tag-necesarios","tag-salud","wp-image-borders"],"amp_enabled":true,"_links":{"self":[{"href":"https:\/\/nvnoticias.mx\/index.php\/wp-json\/wp\/v2\/posts\/52988","targetHints":{"allow":["GET"]}}],"collection":[{"href":"https:\/\/nvnoticias.mx\/index.php\/wp-json\/wp\/v2\/posts"}],"about":[{"href":"https:\/\/nvnoticias.mx\/index.php\/wp-json\/wp\/v2\/types\/post"}],"author":[{"embeddable":true,"href":"https:\/\/nvnoticias.mx\/index.php\/wp-json\/wp\/v2\/users\/35"}],"replies":[{"embeddable":true,"href":"https:\/\/nvnoticias.mx\/index.php\/wp-json\/wp\/v2\/comments?post=52988"}],"version-history":[{"count":1,"href":"https:\/\/nvnoticias.mx\/index.php\/wp-json\/wp\/v2\/posts\/52988\/revisions"}],"predecessor-version":[{"id":52990,"href":"https:\/\/nvnoticias.mx\/index.php\/wp-json\/wp\/v2\/posts\/52988\/revisions\/52990"}],"wp:featuredmedia":[{"embeddable":true,"href":"https:\/\/nvnoticias.mx\/index.php\/wp-json\/wp\/v2\/media\/8629"}],"wp:attachment":[{"href":"https:\/\/nvnoticias.mx\/index.php\/wp-json\/wp\/v2\/media?parent=52988"}],"wp:term":[{"taxonomy":"category","embeddable":true,"href":"https:\/\/nvnoticias.mx\/index.php\/wp-json\/wp\/v2\/categories?post=52988"},{"taxonomy":"post_tag","embeddable":true,"href":"https:\/\/nvnoticias.mx\/index.php\/wp-json\/wp\/v2\/tags?post=52988"}],"curies":[{"name":"wp","href":"https:\/\/api.w.org\/{rel}","templated":true}]}}