{"id":5298,"date":"2021-02-21T11:03:33","date_gmt":"2021-02-21T17:03:33","guid":{"rendered":"https:\/\/nvnoticias.mx\/?p=5298"},"modified":"2021-02-21T11:03:34","modified_gmt":"2021-02-21T17:03:34","slug":"taxistas-afectados-por-pandemia-de-covid","status":"publish","type":"post","link":"https:\/\/nvnoticias.mx\/index.php\/2021\/02\/21\/taxistas-afectados-por-pandemia-de-covid\/","title":{"rendered":"Taxistas afectados por pandemia de Covid"},"content":{"rendered":"\n<p><strong>Jes\u00fas Utrilla \/ NV Noticias<\/strong><\/p>\n\n\n\n<p>Veracruz.- Taxistas de la zona conurbada Veracruz-Boca del R\u00edo atraviesan por una etapa complicada debido a la pandemia del coronavirus.<\/p>\n\n\n\n<p>Guillermo Larios Barrios, director de Radio Taxi GL, se\u00f1al\u00f3 que enero represent\u00f3 un mes con escasos servicios y seguramente la tendencia se prolongar\u00e1 a\u00fan m\u00e1s ya que no se vislumbra recuperaci\u00f3n econ\u00f3mica.<\/p>\n\n\n\n<blockquote class=\"wp-block-quote is-layout-flow wp-block-quote-is-layout-flow\"><p>\u201cLa famosa cuesta de enero es complicada y creo que la vamos a terminar all\u00e1 por mayo. Los servicios siguen ca\u00eddos y es complicado para el taxista\u201d.<\/p><\/blockquote>\n\n\n\n<p>A su parecer desde el a\u00f1o pasado faltaron subsidios e incentivos fiscales por parte del gobierno para hacer frente a la recesi\u00f3n econ\u00f3mica.<\/p>\n\n\n\n<p>Y es que la emergencia sanitaria tom\u00f3 por sorpresa a diferentes sectores, sin embargo, siguieron pagando n\u00f3mina, servicios e impuestos.<\/p>\n\n\n\n<blockquote class=\"wp-block-quote is-layout-flow wp-block-quote-is-layout-flow\"><p>\u201cTuvimos que vender y empe\u00f1ar cosas para salir adelante\u201d.<\/p><\/blockquote>\n\n\n\n<p>Por otro lado el priista consider\u00f3 que en estas elecciones los partidos de reciente creaci\u00f3n podr\u00edan perder el registro pues no les dio tiempo de crear su estructura para obtener la cuota de votos.<\/p>\n\n\n\n<blockquote class=\"wp-block-quote is-layout-flow wp-block-quote-is-layout-flow\"><p>\u201cHay tantos partidos que entre ellos se est\u00e1n despedazando para establecer a sus candidatos. Va a estar muy pulverizado el voto y esos partidos seguramente no podr\u00e1n conservar sus registros. Yo creo que va a resurgir el PRI\u201d.<\/p><\/blockquote>\n\n\n\n<p>A su parecer mejorar\u00e1 la presencia del PAN y el PRI ya que los gobiernos de Morena fueron opacos y podr\u00edan perder espacios en los Congresos.<\/p>\n","protected":false},"excerpt":{"rendered":"<p>Jes\u00fas Utrilla \/ NV Noticias Veracruz.- Taxistas de la zona conurbada Veracruz-Boca del R\u00edo atraviesan por una etapa complicada debido a la pandemia del coronavirus. Guillermo Larios Barrios, director de Radio Taxi GL, se\u00f1al\u00f3 que enero represent\u00f3 un mes con escasos servicios y seguramente la tendencia se prolongar\u00e1 a\u00fan m\u00e1s ya que no se vislumbra [&hellip;]<\/p>\n","protected":false},"author":6,"featured_media":4334,"comment_status":"open","ping_status":"open","sticky":false,"template":"","format":"standard","meta":{"_monsterinsights_skip_tracking":false,"_monsterinsights_sitenote_active":false,"_monsterinsights_sitenote_note":"","_monsterinsights_sitenote_category":0,"footnotes":""},"categories":[154],"tags":[175,318,884],"class_list":["post-5298","post","type-post","status-publish","format-standard","has-post-thumbnail","hentry","category-veracruz","tag-covid-19","tag-pandemia","tag-taxistas","wp-image-borders"],"amp_enabled":true,"_links":{"self":[{"href":"https:\/\/nvnoticias.mx\/index.php\/wp-json\/wp\/v2\/posts\/5298","targetHints":{"allow":["GET"]}}],"collection":[{"href":"https:\/\/nvnoticias.mx\/index.php\/wp-json\/wp\/v2\/posts"}],"about":[{"href":"https:\/\/nvnoticias.mx\/index.php\/wp-json\/wp\/v2\/types\/post"}],"author":[{"embeddable":true,"href":"https:\/\/nvnoticias.mx\/index.php\/wp-json\/wp\/v2\/users\/6"}],"replies":[{"embeddable":true,"href":"https:\/\/nvnoticias.mx\/index.php\/wp-json\/wp\/v2\/comments?post=5298"}],"version-history":[{"count":1,"href":"https:\/\/nvnoticias.mx\/index.php\/wp-json\/wp\/v2\/posts\/5298\/revisions"}],"predecessor-version":[{"id":5299,"href":"https:\/\/nvnoticias.mx\/index.php\/wp-json\/wp\/v2\/posts\/5298\/revisions\/5299"}],"wp:featuredmedia":[{"embeddable":true,"href":"https:\/\/nvnoticias.mx\/index.php\/wp-json\/wp\/v2\/media\/4334"}],"wp:attachment":[{"href":"https:\/\/nvnoticias.mx\/index.php\/wp-json\/wp\/v2\/media?parent=5298"}],"wp:term":[{"taxonomy":"category","embeddable":true,"href":"https:\/\/nvnoticias.mx\/index.php\/wp-json\/wp\/v2\/categories?post=5298"},{"taxonomy":"post_tag","embeddable":true,"href":"https:\/\/nvnoticias.mx\/index.php\/wp-json\/wp\/v2\/tags?post=5298"}],"curies":[{"name":"wp","href":"https:\/\/api.w.org\/{rel}","templated":true}]}}