{"id":52897,"date":"2022-05-02T17:07:06","date_gmt":"2022-05-02T22:07:06","guid":{"rendered":"https:\/\/nvnoticias.mx\/?p=52897"},"modified":"2022-05-02T17:07:07","modified_gmt":"2022-05-02T22:07:07","slug":"ganar-perdiendo","status":"publish","type":"post","link":"https:\/\/nvnoticias.mx\/index.php\/2022\/05\/02\/ganar-perdiendo\/","title":{"rendered":"Ganar perdiendo"},"content":{"rendered":"\n<p><strong>Ricardo Homs <\/strong><\/p>\n\n\n\n<p>Muchos ciudadanos se preguntan por qu\u00e9 el presidente, -sabiendo que no lograr\u00eda los votos legislativos necesarios para sacar adelante la Reforma El\u00e9ctrica-, sigui\u00f3 adelante con esta propuesta. Del mismo modo sucedi\u00f3 con la consulta de revocaci\u00f3n de mandato, que desde antes del d\u00eda de la votaci\u00f3n se ve\u00eda venir que los n\u00fameros no dar\u00edan resultados favorables. Seguramente igual suceder\u00e1 con la reforma electoral, que incluso fue presentada cuando se cierra el actual periodo legislativo.<\/p>\n\n\n\n<p>Lo que realmente importa al presidente es no perder el apoyo popular y para ello recurre a la \u201cestrategia de la victimizaci\u00f3n\u201d, que significa ganar perdiendo, acusando la intervenci\u00f3n de los opositores \u201cconservadores\u201d, que asumiendo el rol de \u201ctraidores a la patria\u201d buscan mantener privilegios propios. A partir de la victimizaci\u00f3n se fortalece el respaldo popular bajo un contexto de adjudicar las derrotas a una conspiraci\u00f3n que vulnera nuestra soberan\u00eda. De este modo se logra ganar perdiendo.<\/p>\n\n\n\n<p>Es evidente que a lo largo de estos primeros tres a\u00f1os de su administraci\u00f3n el presidente descubri\u00f3 que gobernar es un complicado reto en este mundo globalizado y dominado por las redes sociales, -como lo es el de hoy-, pues se requiere de conocimientos y experiencias que se logran a lo largo de muchos a\u00f1os de trayectoria en la administraci\u00f3n p\u00fablica, mas que en la pol\u00edtica. Tambi\u00e9n seguramente descubri\u00f3 que las buenas intenciones no son suficientes para que la realidad cotidiana se acomode a las expectativas de quienes hoy ejercen poder.<\/p>\n\n\n\n<p>Por tanto, -a falta de resultados objetivos y tangibles de gobierno-, recurre al manejo emocional de la pol\u00edtica, cuyo \u00fanico objetivo es cuantitativo, pues de ello se deriva el voto, que es la llave al poder. A final de cuentas, la \u201cpol\u00edtica emocional\u201d se ejerce a trav\u00e9s del manejo de las percepciones p\u00fablicas, que tiene como principal herramienta a la comunicaci\u00f3n y en ello el presidente es brillante.<\/p>\n\n\n\n<p>Sin embargo, hoy m\u00e1s que nunca la pol\u00edtica y la administraci\u00f3n p\u00fablica se han convertido en territorios paralelos que no siempre convergen, cuando antiguamente ambas eran parte de lo mismo: gobierno.<\/p>\n\n\n\n<p>Por ello, -hoy que nos adentramos en la recta de la sucesi\u00f3n presidencial rumbo al 2024-, caemos en la cuenta de que quienes podr\u00edan ser los mejores gobernantes y lograr\u00edan el m\u00e1ximo de eficiencia, carecen del carisma personal necesario para seducir al electorado y obtener el voto.<\/p>\n\n\n\n<p>Parecer ser un buen gobernante no significa tambi\u00e9n ser un buen candidato\u2026 y viceversa, los excelentes candidatos pueden ser p\u00e9simos gobernantes cuando asumen el cargo.<\/p>\n\n\n\n<p>A su vez, quienes tienen la capacidad de mover multitudes, pueden convertirse en un peligro para la estabilidad econ\u00f3mica del pa\u00eds. Esa es la gran disyuntiva.<\/p>\n\n\n\n<p>En otros pa\u00edses m\u00e1s evolucionados organizacionalmente que el nuestro, este reto, -que hoy representa graves peligros para M\u00e9xico-, tiene una gran soluci\u00f3n: los pol\u00edticos se encargan de mantener la estabilidad social manteniendo cercan\u00eda con la ciudadan\u00eda, pero delegan las decisiones t\u00e9cnicas en los expertos y esta sinergia genera frutos. La institucionalizaci\u00f3n de las decisiones es fundamental.<\/p>\n\n\n\n<p>Sin embargo, en una sociedad como hoy lo es M\u00e9xico, tendiente, -en las grandes mayor\u00edas poblacionales-, al modelo de liderazgo autocr\u00e1tico, vemos que nuestros pol\u00edticos cuando llegan al poder piensan que con el cargo les lleg\u00f3 la sabidur\u00eda y pretenden tomar decisiones en todo, apelando al sentido com\u00fan y relegando el conocimiento y experiencia t\u00e9cnica.<\/p>\n\n\n\n<p>La meritocracia de la administraci\u00f3n p\u00fablica nos dio estabilidad durante los \u00faltimos sexenios, -o sea grandes logros en cifras-, pero poca sensibilidad social para acabar con la pobreza.<\/p>\n\n\n\n<p>En contraste, -apelando a las inequidades sociales que sin duda a\u00fan existen-, ahora ha llegado al poder, -y con ello a la administraci\u00f3n p\u00fablica-, gente que s\u00f3lo tiene experiencia pol\u00edtica y ello ha cambiado nuestra cultura gubernamental. La meritocracia ha sido sustituida por los compadrazgos y alianzas pol\u00edticas. As\u00ed est\u00e1 llegando a la administraci\u00f3n p\u00fablica gente sin perfil para el cargo ni experiencia, sin m\u00e1s m\u00e9rito que la lealtad al presidente y a sus proyectos personales.<\/p>\n\n\n\n<p>La pol\u00edtica tiene \u201ctorcidos\u201d caminos emocionales, -incomprensibles desde una visi\u00f3n racional-, pero de gran efectividad desde la pr\u00e1ctica emocional de la pol\u00edtica. De este modo se puede ganar perdiendo.<\/p>\n\n\n\n<p>MAQUILLAJE LINGU\u00cdSTICO<\/p>\n\n\n\n<p>Al igual que suced\u00eda durante el periodo del presidente Lu\u00eds Echeverr\u00eda, estamos viviendo nuevamente la era del \u201cmaquillaje ling\u00fc\u00edstico\u201d, que pretende dotar de nuevos significados emocionales a los asuntos, programas de gobierno, denominaciones de instituciones de la administraci\u00f3n p\u00fablica y todo aquello que pueda tener un nuevo \u201caire\u201d en la percepci\u00f3n p\u00fablica, para que proyecte innovaci\u00f3n.<\/p>\n\n\n\n<p>El presidente renombr\u00f3 a su propuesta de \u201cReforma Electoral\u201d como \u201cReforma Democr\u00e1tica\u201d y al Instituto Nacional Electoral\u201d como \u201cInstituto Nacional de Elecciones y Consultas\u201d, pretendiendo dar nuevos significados a lo que ya existe, para as\u00ed presentarlo como algo distinto.<\/p>\n\n\n\n<p>Las palabras impactan la percepci\u00f3n, pero no modifican por s\u00ed mismas la realidad cotidiana.<\/p>\n\n\n\n<p>IGUAL QUE DINAMARCA\u2026 O LA JUSTICIA TRIBAL<\/p>\n\n\n\n<p>Este pa\u00eds, que quiere estar a la altura de Dinamarca, -seg\u00fan lo ha expresado en sus comparaciones el presidente de la rep\u00fablica-, no podr\u00e1 lograrlo si tiene un sistema de justicia de tipo tribal, donde quienes detentan el poder del Estado Mexicano, -a trav\u00e9s de nuestras instituciones de justicia-, mezclan los asuntos personales, -as\u00ed como las fobias y enemigos de los funcionarios p\u00fablicos que las encabezan-, con los asuntos p\u00fablicos.<\/p>\n\n\n\n<p>Lamentable enterarnos a trav\u00e9s de la entrevista que le hizo Ciro G\u00f3mez Leyva a Germ\u00e1n Castillo Banuet, titular de la Fiscal\u00eda Especializada de Control Regional de la FGR y muy cercano al fiscal Gertz Manero, de las prioridades en su gesti\u00f3n dentro de la FGR.<\/p>\n\n\n\n<p>Descubrimos que en lugar de invertir su tiempo y esfuerzos, -as\u00ed como los recursos p\u00fablicos que tiene a su disposici\u00f3n-, en resolver problemas tan graves como la desaparici\u00f3n de mujeres j\u00f3venes, la trata de personas, la violencia desmedida en el pa\u00eds, feminicidios y otros problemas reales que agreden a la ciudadan\u00eda, se encarga de dilucidar las venganzas personales del fiscal<\/p>\n\n\n\n<p>Gertz Manero en contra de la que fuera parte de su familia pol\u00edtica, as\u00ed como de los periodistas que se dedican a hacer investigaciones inc\u00f3modas como las hace Mario Maldonado.<\/p>\n\n\n\n<p>Esto que est\u00e1 sucediendo es un asunto de la mayor gravedad, pues pone en duda la autoridad moral de esta administraci\u00f3n de la FGR que no cumple con el principio de \u201cequidad\u201d en la aplicaci\u00f3n de la justicia, pues enfoca todo el poder del estado en contra de ciudadanos honorables que tienen diferencias con el fiscal Gertz Manero, en lugar de enfocarse al 100% en el combate a la delincuencia y los graves problemas sociales que agreden a la ciudadan\u00eda.<\/p>\n\n\n\n<p>M\u00e1s importante que proponer una reforma electoral, es una reforma que subsane los graves problemas que afectan la seguridad p\u00fablica y la aplicaci\u00f3n de la justicia, para evitar que los funcionarios inviertan el tiempo que se comprometieron a dedicar a mejorar el acceso a la justicia para todos los mexicanos, -deficiencia que reconoci\u00f3 el presidente de la SCJN- y no a los intereses personales de quienes gobiernan, lo cual representa \u201cel uso indebido de recursos p\u00fablicos\u201d.<\/p>\n\n\n\n<p>\u00bfA usted que le parece?<\/p>\n\n\n\n<p>Facebook: @Ricardo.Homs1<\/p>\n\n\n\n<p>Twitter: @homsricardo<\/p>\n\n\n\n<p>Linkedin: Ricardo Homs<\/p>\n\n\n\n<p>www.ricardohoms.com<\/p>\n","protected":false},"excerpt":{"rendered":"<p>Ricardo Homs Muchos ciudadanos se preguntan por qu\u00e9 el presidente, -sabiendo que no lograr\u00eda los votos legislativos necesarios para sacar adelante la Reforma El\u00e9ctrica-, sigui\u00f3 adelante con esta propuesta. Del mismo modo sucedi\u00f3 con la consulta de revocaci\u00f3n de mandato, que desde antes del d\u00eda de la votaci\u00f3n se ve\u00eda venir que los n\u00fameros no [&hellip;]<\/p>\n","protected":false},"author":18,"featured_media":52898,"comment_status":"open","ping_status":"open","sticky":false,"template":"","format":"standard","meta":{"_monsterinsights_skip_tracking":false,"_monsterinsights_sitenote_active":false,"_monsterinsights_sitenote_note":"","_monsterinsights_sitenote_category":0,"footnotes":""},"categories":[246],"tags":[173],"class_list":["post-52897","post","type-post","status-publish","format-standard","has-post-thumbnail","hentry","category-ricardo-homs","tag-ricardo-homs","wp-image-borders"],"amp_enabled":true,"_links":{"self":[{"href":"https:\/\/nvnoticias.mx\/index.php\/wp-json\/wp\/v2\/posts\/52897","targetHints":{"allow":["GET"]}}],"collection":[{"href":"https:\/\/nvnoticias.mx\/index.php\/wp-json\/wp\/v2\/posts"}],"about":[{"href":"https:\/\/nvnoticias.mx\/index.php\/wp-json\/wp\/v2\/types\/post"}],"author":[{"embeddable":true,"href":"https:\/\/nvnoticias.mx\/index.php\/wp-json\/wp\/v2\/users\/18"}],"replies":[{"embeddable":true,"href":"https:\/\/nvnoticias.mx\/index.php\/wp-json\/wp\/v2\/comments?post=52897"}],"version-history":[{"count":1,"href":"https:\/\/nvnoticias.mx\/index.php\/wp-json\/wp\/v2\/posts\/52897\/revisions"}],"predecessor-version":[{"id":52899,"href":"https:\/\/nvnoticias.mx\/index.php\/wp-json\/wp\/v2\/posts\/52897\/revisions\/52899"}],"wp:featuredmedia":[{"embeddable":true,"href":"https:\/\/nvnoticias.mx\/index.php\/wp-json\/wp\/v2\/media\/52898"}],"wp:attachment":[{"href":"https:\/\/nvnoticias.mx\/index.php\/wp-json\/wp\/v2\/media?parent=52897"}],"wp:term":[{"taxonomy":"category","embeddable":true,"href":"https:\/\/nvnoticias.mx\/index.php\/wp-json\/wp\/v2\/categories?post=52897"},{"taxonomy":"post_tag","embeddable":true,"href":"https:\/\/nvnoticias.mx\/index.php\/wp-json\/wp\/v2\/tags?post=52897"}],"curies":[{"name":"wp","href":"https:\/\/api.w.org\/{rel}","templated":true}]}}