{"id":52874,"date":"2022-05-02T13:25:44","date_gmt":"2022-05-02T18:25:44","guid":{"rendered":"https:\/\/nvnoticias.mx\/?p=52874"},"modified":"2022-05-02T13:25:44","modified_gmt":"2022-05-02T18:25:44","slug":"los-veracruzanos-necesitan-ser-representados-por-candidatos-independientes","status":"publish","type":"post","link":"https:\/\/nvnoticias.mx\/index.php\/2022\/05\/02\/los-veracruzanos-necesitan-ser-representados-por-candidatos-independientes\/","title":{"rendered":"Los veracruzanos necesitan ser representados por candidatos independientes"},"content":{"rendered":"\n<p><strong>Jes\u00fas Utrilla \/ NV Noticas<\/strong> <\/p>\n\n\n\n<p>El&nbsp;Movimiento Independiente de Veracruz postular\u00e1 a candidatos que no pertenezcan a ning\u00fan partido pol\u00edtico en 2024, adelant\u00f3 Juan Carlos Mezhua Campos.&nbsp;<\/p>\n\n\n\n<p>El exalcalde de Zongolica e integrante del movimiento, dijo que la gente est\u00e1 cansada de no sentirse representada por quienes actualmente ocupan cargos p\u00fablicos, por ello impulsan un proyecto para abanderar a ciudadanos independientes por cada regi\u00f3n de Veracruz.&nbsp;<\/p>\n\n\n\n<blockquote class=\"wp-block-quote is-layout-flow wp-block-quote-is-layout-flow\"><p>\u201c<em>Somos un grupo de dirigentes amplio y voy a estar presentando de manera regional las siguientes semanas y meses a los candidatos. Tenemos la convicci\u00f3n de que Veracruz necesita ser representado por personas que no est\u00e9n en los partidos pol\u00edticos porque han quedado a deber a la sociedad<\/em>\u201d.<\/p><\/blockquote>\n\n\n\n<p>Estim\u00f3 que el 60 por ciento de la poblaci\u00f3n no se siente representada por los partidos pol\u00edticos por ello para 2024 buscar\u00e1n candidatos independientes.<\/p>\n\n\n\n<p>Adem\u00e1s la reforma electoral debe considerar mecanismos que faciliten la participaci\u00f3n de los ciudadanos, pues al momento es m\u00e1s complicado contender de manera individual que a trav\u00e9s de una instituci\u00f3n.<\/p>\n\n\n\n<blockquote class=\"wp-block-quote is-layout-flow wp-block-quote-is-layout-flow\"><p>\u201c<em>Habr\u00e1 candidato independiente en 2024 a gobernador, alcaldes, senadores, diputados locales y federales. Estamos trabajando muchas personas y nos est\u00e1 yendo muy bien. En dos o tres meses nombraremos a las representaciones en cada regi\u00f3n, pero les digo que s\u00ed habr\u00e1 candidato independiente en 2024. El movimiento es de propuesta<\/em>s\u201d.<\/p><\/blockquote>\n\n\n\n<p><\/p>\n","protected":false},"excerpt":{"rendered":"<p>Jes\u00fas Utrilla \/ NV Noticas El&nbsp;Movimiento Independiente de Veracruz postular\u00e1 a candidatos que no pertenezcan a ning\u00fan partido pol\u00edtico en 2024, adelant\u00f3 Juan Carlos Mezhua Campos.&nbsp; El exalcalde de Zongolica e integrante del movimiento, dijo que la gente est\u00e1 cansada de no sentirse representada por quienes actualmente ocupan cargos p\u00fablicos, por ello impulsan un proyecto [&hellip;]<\/p>\n","protected":false},"author":8,"featured_media":52875,"comment_status":"open","ping_status":"open","sticky":false,"template":"","format":"standard","meta":{"_monsterinsights_skip_tracking":false,"_monsterinsights_sitenote_active":false,"_monsterinsights_sitenote_note":"","_monsterinsights_sitenote_category":0,"footnotes":""},"categories":[158],"tags":[1525,14299],"class_list":["post-52874","post","type-post","status-publish","format-standard","has-post-thumbnail","hentry","category-politica","tag-candidatos","tag-movimiento-independiente-de-veracruz","wp-image-borders"],"amp_enabled":true,"_links":{"self":[{"href":"https:\/\/nvnoticias.mx\/index.php\/wp-json\/wp\/v2\/posts\/52874","targetHints":{"allow":["GET"]}}],"collection":[{"href":"https:\/\/nvnoticias.mx\/index.php\/wp-json\/wp\/v2\/posts"}],"about":[{"href":"https:\/\/nvnoticias.mx\/index.php\/wp-json\/wp\/v2\/types\/post"}],"author":[{"embeddable":true,"href":"https:\/\/nvnoticias.mx\/index.php\/wp-json\/wp\/v2\/users\/8"}],"replies":[{"embeddable":true,"href":"https:\/\/nvnoticias.mx\/index.php\/wp-json\/wp\/v2\/comments?post=52874"}],"version-history":[{"count":1,"href":"https:\/\/nvnoticias.mx\/index.php\/wp-json\/wp\/v2\/posts\/52874\/revisions"}],"predecessor-version":[{"id":52876,"href":"https:\/\/nvnoticias.mx\/index.php\/wp-json\/wp\/v2\/posts\/52874\/revisions\/52876"}],"wp:featuredmedia":[{"embeddable":true,"href":"https:\/\/nvnoticias.mx\/index.php\/wp-json\/wp\/v2\/media\/52875"}],"wp:attachment":[{"href":"https:\/\/nvnoticias.mx\/index.php\/wp-json\/wp\/v2\/media?parent=52874"}],"wp:term":[{"taxonomy":"category","embeddable":true,"href":"https:\/\/nvnoticias.mx\/index.php\/wp-json\/wp\/v2\/categories?post=52874"},{"taxonomy":"post_tag","embeddable":true,"href":"https:\/\/nvnoticias.mx\/index.php\/wp-json\/wp\/v2\/tags?post=52874"}],"curies":[{"name":"wp","href":"https:\/\/api.w.org\/{rel}","templated":true}]}}