{"id":52842,"date":"2022-05-02T12:18:24","date_gmt":"2022-05-02T17:18:24","guid":{"rendered":"https:\/\/nvnoticias.mx\/?p=52842"},"modified":"2022-05-02T12:18:24","modified_gmt":"2022-05-02T17:18:24","slug":"anuncia-christopher-uckermann-su-retiro-del-espectaculo","status":"publish","type":"post","link":"https:\/\/nvnoticias.mx\/index.php\/2022\/05\/02\/anuncia-christopher-uckermann-su-retiro-del-espectaculo\/","title":{"rendered":"Anuncia Christopher Uckermann su retiro del espect\u00e1culo"},"content":{"rendered":"\n<p><strong>Christopher Uckermann<\/strong>\u00a0comenz\u00f3 a trabajar en la TV siendo un ni\u00f1o de 13 a\u00f1os, en la telenovela infantil\u00a0<em>El diario de Daniela<\/em>\u00a0(1999). Le siguieron importante producciones hasta que en 2004 se convirti\u00f3 en Diego Bustamante de\u00a0<em><strong>Rebelde<\/strong><\/em>.<\/p>\n\n\n\n<p>Christopher Uckermann caus\u00f3 sorpresa entre sus seguidores y medio del espect\u00e1culo al tomar la decisi\u00f3n de retirarse oficialmente del medio del entretenimiento para enfocarse en su faceta espiritual. <\/p>\n\n\n\n<p>El actor, ex RBD, lo anunci\u00f3 as\u00ed, a trav\u00e9s de su cuenta de Instagram mediante un video en donde explica la situaci\u00f3n. <\/p>\n\n\n\n<blockquote class=\"wp-block-quote is-layout-flow wp-block-quote-is-layout-flow\"><p>&#8220;Quer\u00eda compartir con ustedes en este d\u00eda de claridad y mensaje uno de ellos, que es, la importancia de trabajar y caminar hacia tus sue\u00f1os, de cumplir tu prop\u00f3sito, aquello que est\u00e1 en tu dise\u00f1o, ir tras ese sue\u00f1o\u201d Comenz\u00f3 a decir el actor de 35 a\u00f1os. <\/p><\/blockquote>\n\n\n\n<p>En el video que dura m\u00e1s de 30 minutos, Christopher desmenuza cuidadosamente sus pensamientos mientras expresa su mensaje de autodescubrimiento y paz. Asimismo, el recordado por hacer a Diego Bustamante en RBD, mencion\u00f3 que seguir\u00e1 haciendo m\u00fasica, pero ahora desde un punto de vista m\u00e1s art\u00edstico.<\/p>\n\n\n\n<blockquote class=\"wp-block-quote is-layout-flow wp-block-quote-is-layout-flow\"><p> \u201cYa no soy el protagonista, ahora somos el equipo, ahora somos la integridad integrada al otro y crecer juntos. A m\u00ed me encanta celebrar con mi equipo, es una de las cosas que m\u00e1s disfruto en todos mis proyectos de solista\u201d.<\/p><\/blockquote>\n\n\n\n<p>Por ultimo hizo una reflexi\u00f3n acerca de todos los contenidos que hoy en d\u00eda se difunden en los medios digitales y su consumo, resaltando la importancia de transmitir mensajes positivos que hagan del mundo un mejor lugar. <\/p>\n\n\n\n<blockquote class=\"wp-block-quote is-layout-flow wp-block-quote-is-layout-flow\"><p>\u201cQue podamos consumir cosas que alimenten. Imag\u00ednense un mundo de buenas noticias, de poderte levantar y leer el peri\u00f3dico o ver en las redes algo maravilloso, que alguien salv\u00f3 a los animales, que alguien hizo algo bueno en el mundo por otra persona. Las buenas noticias en el mundo har\u00edan una diferencia energ\u00e9tica completamente\u201d. <\/p><\/blockquote>\n\n\n\n<p>Fuente: <a href=\"https:\/\/www.milenio.com\/espectaculos\/christopher-uckermann-retira-espectaculos-anuncia-video\" data-type=\"URL\" data-id=\"https:\/\/www.milenio.com\/espectaculos\/christopher-uckermann-retira-espectaculos-anuncia-video\">Milenio<\/a><\/p>\n","protected":false},"excerpt":{"rendered":"<p>Christopher Uckermann\u00a0comenz\u00f3 a trabajar en la TV siendo un ni\u00f1o de 13 a\u00f1os, en la telenovela infantil\u00a0El diario de Daniela\u00a0(1999). Le siguieron importante producciones hasta que en 2004 se convirti\u00f3 en Diego Bustamante de\u00a0Rebelde. Christopher Uckermann caus\u00f3 sorpresa entre sus seguidores y medio del espect\u00e1culo al tomar la decisi\u00f3n de retirarse oficialmente del medio del [&hellip;]<\/p>\n","protected":false},"author":35,"featured_media":32245,"comment_status":"open","ping_status":"open","sticky":false,"template":"","format":"standard","meta":{"_monsterinsights_skip_tracking":false,"_monsterinsights_sitenote_active":false,"_monsterinsights_sitenote_note":"","_monsterinsights_sitenote_category":0,"footnotes":""},"categories":[576],"tags":[7791,7479,14290,5593],"class_list":["post-52842","post","type-post","status-publish","format-standard","has-post-thumbnail","hentry","category-ocio","tag-anuncia","tag-christopher-uckermann","tag-espectaculo","tag-retiro","wp-image-borders"],"amp_enabled":true,"_links":{"self":[{"href":"https:\/\/nvnoticias.mx\/index.php\/wp-json\/wp\/v2\/posts\/52842","targetHints":{"allow":["GET"]}}],"collection":[{"href":"https:\/\/nvnoticias.mx\/index.php\/wp-json\/wp\/v2\/posts"}],"about":[{"href":"https:\/\/nvnoticias.mx\/index.php\/wp-json\/wp\/v2\/types\/post"}],"author":[{"embeddable":true,"href":"https:\/\/nvnoticias.mx\/index.php\/wp-json\/wp\/v2\/users\/35"}],"replies":[{"embeddable":true,"href":"https:\/\/nvnoticias.mx\/index.php\/wp-json\/wp\/v2\/comments?post=52842"}],"version-history":[{"count":1,"href":"https:\/\/nvnoticias.mx\/index.php\/wp-json\/wp\/v2\/posts\/52842\/revisions"}],"predecessor-version":[{"id":52846,"href":"https:\/\/nvnoticias.mx\/index.php\/wp-json\/wp\/v2\/posts\/52842\/revisions\/52846"}],"wp:featuredmedia":[{"embeddable":true,"href":"https:\/\/nvnoticias.mx\/index.php\/wp-json\/wp\/v2\/media\/32245"}],"wp:attachment":[{"href":"https:\/\/nvnoticias.mx\/index.php\/wp-json\/wp\/v2\/media?parent=52842"}],"wp:term":[{"taxonomy":"category","embeddable":true,"href":"https:\/\/nvnoticias.mx\/index.php\/wp-json\/wp\/v2\/categories?post=52842"},{"taxonomy":"post_tag","embeddable":true,"href":"https:\/\/nvnoticias.mx\/index.php\/wp-json\/wp\/v2\/tags?post=52842"}],"curies":[{"name":"wp","href":"https:\/\/api.w.org\/{rel}","templated":true}]}}