{"id":52805,"date":"2022-05-02T09:39:06","date_gmt":"2022-05-02T14:39:06","guid":{"rendered":"https:\/\/nvnoticias.mx\/?p=52805"},"modified":"2022-05-02T09:39:07","modified_gmt":"2022-05-02T14:39:07","slug":"revela-amlo-que-hay-un-detenido-por-caso-de-estudiante-asesinado-por-guardia-nacional","status":"publish","type":"post","link":"https:\/\/nvnoticias.mx\/index.php\/2022\/05\/02\/revela-amlo-que-hay-un-detenido-por-caso-de-estudiante-asesinado-por-guardia-nacional\/","title":{"rendered":"Revela AMLO que hay un detenido por caso de estudiante asesinado por Guardia Nacional"},"content":{"rendered":"\n<p>El presidente Andr\u00e9s Manuel L\u00f3pez Obrador asegur\u00f3 que no habr\u00e1 impunidad por el caso del estudiante de Guanajuato, \u00c1ngel Yael Ignacio Rangel que presuntamente fue asesinado por un elemento de la Guardia Nacional, donde ya hay un detenido. <\/p>\n\n\n\n<blockquote class=\"wp-block-quote is-layout-flow wp-block-quote-is-layout-flow\"><p>&#8220;Que no hay impunidad, no hay encubrimiento no es como antes que se ocultaban las cosas o se proteg\u00eda a quienes comet\u00edan delitos, sobre todo homicidios&#8221;. <\/p><\/blockquote>\n\n\n\n<p>En La Ma\u00f1anera desde Palacio Nacional, el Presidente envi\u00f3 su solidaridad a los familiares del joven y les pidi\u00f3 confianza ante las investigaciones del caso, &#8220;hubo al inicio una investigaci\u00f3n, a m\u00ed me informaron el jueves. Ta tanto en la Guardia Nacional como en Marina, la Defensa, Seguridad P\u00fablica, ya saben que se tiene que castigar a los responsables&#8221;. <\/p>\n\n\n\n<p>Adem\u00e1s, mencion\u00f3 que ya estaba detenido un elemento de la Guardia Nacional, luego de que se llevara a cabo la investigaci\u00f3n, pero que el juez lo liber\u00f3 porque en el an\u00e1lisis que se hace sobre bal\u00edstica se descubre que no era su arma que le hab\u00eda quitado la vida al joven, &#8220;se detiene a otro elemento que presuntamente es el responsable, ya est\u00e1 detenido&#8221;.\u00a0 <\/p>\n\n\n\n<blockquote class=\"wp-block-quote is-layout-flow wp-block-quote-is-layout-flow\"><p>&#8220;La instrucci\u00f3n que se tiene es que todos los que participaron est\u00e9n disponibles para la investigaci\u00f3n, todos y que se lleve a cabo un trabajo a fondo. Los que hayan participado, en este caso los dos que dispararon, pueden ser otros, est\u00e1 abierta la investigaci\u00f3n&#8221;. <\/p><\/blockquote>\n\n\n\n<p>Finalmente, L\u00f3pez Obrador dijo que al que se liber\u00f3, se comprob\u00f3 que dispar\u00f3, y por ello, tiene que estar sujeto a proceso y la joven herida est\u00e1 siendo atendida y &#8220;vamos tambi\u00e9n a apoyar en todo, eso es lo que puedo comentarles y aqu\u00ed mismo vamos a informar&#8221;.\u00a0 <\/p>\n\n\n\n<p>Fuente:<a href=\"https:\/\/www.milenio.com\/politica\/hay-un-detenido-por-caso-de-joven-asesinado-en-guanajuato-amlo\" data-type=\"URL\" data-id=\"https:\/\/www.milenio.com\/politica\/hay-un-detenido-por-caso-de-joven-asesinado-en-guanajuato-amlo\"> Milenio<\/a><\/p>\n","protected":false},"excerpt":{"rendered":"<p>El presidente Andr\u00e9s Manuel L\u00f3pez Obrador asegur\u00f3 que no habr\u00e1 impunidad por el caso del estudiante de Guanajuato, \u00c1ngel Yael Ignacio Rangel que presuntamente fue asesinado por un elemento de la Guardia Nacional, donde ya hay un detenido. &#8220;Que no hay impunidad, no hay encubrimiento no es como antes que se ocultaban las cosas o [&hellip;]<\/p>\n","protected":false},"author":35,"featured_media":35469,"comment_status":"open","ping_status":"open","sticky":false,"template":"","format":"standard","meta":{"_monsterinsights_skip_tracking":false,"_monsterinsights_sitenote_active":false,"_monsterinsights_sitenote_note":"","_monsterinsights_sitenote_category":0,"footnotes":""},"categories":[157],"tags":[188,14125,8007,1957,3205,5072,450,8599],"class_list":["post-52805","post","type-post","status-publish","format-standard","has-post-thumbnail","hentry","category-nacional","tag-amlo","tag-asesinado","tag-caso","tag-detenido","tag-estudiante","tag-guanajuato","tag-guardia-nacional","tag-revela","wp-image-borders"],"amp_enabled":true,"_links":{"self":[{"href":"https:\/\/nvnoticias.mx\/index.php\/wp-json\/wp\/v2\/posts\/52805","targetHints":{"allow":["GET"]}}],"collection":[{"href":"https:\/\/nvnoticias.mx\/index.php\/wp-json\/wp\/v2\/posts"}],"about":[{"href":"https:\/\/nvnoticias.mx\/index.php\/wp-json\/wp\/v2\/types\/post"}],"author":[{"embeddable":true,"href":"https:\/\/nvnoticias.mx\/index.php\/wp-json\/wp\/v2\/users\/35"}],"replies":[{"embeddable":true,"href":"https:\/\/nvnoticias.mx\/index.php\/wp-json\/wp\/v2\/comments?post=52805"}],"version-history":[{"count":1,"href":"https:\/\/nvnoticias.mx\/index.php\/wp-json\/wp\/v2\/posts\/52805\/revisions"}],"predecessor-version":[{"id":52806,"href":"https:\/\/nvnoticias.mx\/index.php\/wp-json\/wp\/v2\/posts\/52805\/revisions\/52806"}],"wp:featuredmedia":[{"embeddable":true,"href":"https:\/\/nvnoticias.mx\/index.php\/wp-json\/wp\/v2\/media\/35469"}],"wp:attachment":[{"href":"https:\/\/nvnoticias.mx\/index.php\/wp-json\/wp\/v2\/media?parent=52805"}],"wp:term":[{"taxonomy":"category","embeddable":true,"href":"https:\/\/nvnoticias.mx\/index.php\/wp-json\/wp\/v2\/categories?post=52805"},{"taxonomy":"post_tag","embeddable":true,"href":"https:\/\/nvnoticias.mx\/index.php\/wp-json\/wp\/v2\/tags?post=52805"}],"curies":[{"name":"wp","href":"https:\/\/api.w.org\/{rel}","templated":true}]}}