{"id":52772,"date":"2022-05-02T08:11:19","date_gmt":"2022-05-02T13:11:19","guid":{"rendered":"https:\/\/nvnoticias.mx\/?p=52772"},"modified":"2022-05-02T08:42:35","modified_gmt":"2022-05-02T13:42:35","slug":"amflix-saca-nuevo-capitulo-sobre-ine-para-evitar-hablar-de-la-linea-12-ricardo-anaya","status":"publish","type":"post","link":"https:\/\/nvnoticias.mx\/index.php\/2022\/05\/02\/amflix-saca-nuevo-capitulo-sobre-ine-para-evitar-hablar-de-la-linea-12-ricardo-anaya\/","title":{"rendered":"AMFLIX saca nuevo cap\u00edtulo sobre INE para evitar hablar de la L\u00ednea 12: Ricardo Anaya"},"content":{"rendered":"\n<p><strong>Andr\u00e9s Manuel L\u00f3pez Obrador<\/strong>&nbsp;quiere distraer con su nueva propuesta de reforma electoral para no hablar de la&nbsp;<strong>tragedia de la L\u00ednea 12<\/strong>, que ma\u00f1ana cumple un a\u00f1o, se\u00f1al\u00f3 este lunes Ricardo Anaya Cort\u00e9s, excandidato presidencial.<\/p>\n\n\n\n<p>Cuestion\u00f3 que a un a\u00f1o del accidente en el Metro de la Ciudad de M\u00e9xico todav\u00eda no se haya determinado a ninguna persona responsable, pues como quienes han sido se\u00f1alados son de Morena, el gobierno les protege.<\/p>\n\n\n\n<blockquote class=\"wp-block-quote is-layout-flow wp-block-quote-is-layout-flow\"><p>\u201cY como L\u00f3pez Obrador&nbsp;no quiere que se hable de la L\u00ednea 12,&nbsp;\u00bfqu\u00e9 hizo? Pues lo de siempre, sacar el nuevo cap\u00edtulo de su serie. La serie se llama&nbsp;\u2018Los distractores\u2019. Y lleva ya varios cap\u00edtulos\u201d, dijo Anaya Cort\u00e9s mostrando una pantalla con el nombre \u201cAMFLIX\u201d, con la tipograf\u00eda de Netflix.<\/p><\/blockquote>\n\n\n\n<p>Los&nbsp;cap\u00edtulos&nbsp;hasta ahora han sido los siguientes, seg\u00fan enlist\u00f3 el panista: 1) La rifa del avi\u00f3n sin avi\u00f3n, 2) La consulta de expresidentes, 3) El circo de la revocaci\u00f3n, 4) \u00bfCu\u00e1nto gana Loret?, 5) El linchamiento de diputados, y 6) Desaparecer al INE.<\/p>\n\n\n\n<blockquote class=\"wp-block-quote is-layout-flow wp-block-quote-is-layout-flow\"><p>\u201cY ahora, para que no se hable de la L\u00ednea 12, exactamente a un a\u00f1o de la tragedia, sale el nuevo cap\u00edtulo. El nuevo cap\u00edtulo es&nbsp;<strong>una reforma que pretende desaparecer al INE.<\/strong>&nbsp;Y claro que este actor de \u2018Los distractores\u2019 que se llama Andr\u00e9s Manuel<strong>&nbsp;sabe perfectamente que esta&nbsp;reforma&nbsp;no va a pasar<\/strong>, porque acabar con el INE ser\u00eda acabar con la democracia. Y si sabe que no va a pasar, \u00bfpara qu\u00e9 propone algo tan absurdo como desaparecer al INE? Para distraernos de los verdaderos problemas en el pa\u00eds\u201d, asegur\u00f3 el panista.<\/p><\/blockquote>\n\n\n\n<p>La reforma electoral de AMLO incluye la propuesta de&nbsp;sustituir al INE por el Instituto Nacional de Elecciones y Consultas (INEC). En este nuevo instituto, los Consejeros Electorales ser\u00edan elegidos a trav\u00e9s del voto ciudadano; adem\u00e1s de que tendr\u00eda un presupuesto menor al que actualmente tiene el INE.<\/p>\n\n\n\n<p>Ricardo Anaya dijo que este nuevo cap\u00edtulo de \u201cAMFLIX\u201d funciona para que las personas no hablen sobre \u201cla negligencia criminal de la L\u00ednea 12, que las v\u00edctimas siguen sufriendo y que los usuarios todos los d\u00edas siguen padeciendo\u201d.<\/p>\n\n\n\n<p>El excandidato, que ha hablado de su intenci\u00f3n de postularse a la presidencia nuevamente en 2024, dijo que solo tiene una propuesta en esta ocasi\u00f3n: \u201cQue nos hablen con la verdad.&nbsp;<strong>Que el presidente deje de proteger a los responsables, que nos diga qu\u00e9 pas\u00f3 en la L\u00ednea 12&nbsp;<\/strong>y que se sancione a los culpables\u201d.<\/p>\n\n\n\n<blockquote class=\"twitter-tweet\"><p lang=\"es\" dir=\"ltr\">Ma\u00f1ana se cumple 1 a\u00f1o de la tragedia de la L\u00ednea 12. AMLO tapa a los culpables.<br>\u00c9l sabe que su \u201cReforma Electoral\u201d no pasa, pero \u201cDesaparecer al INE\u201d es el nuevo cap\u00edtulo de su serie \u201cLOS DISTRACTORES\u201d.<br><br>No a su reforma. No m\u00e1s distractores. <br>\u00a1Castigo a los culpables de la L-12! <a href=\"https:\/\/t.co\/N6bzn9A7c2\">pic.twitter.com\/N6bzn9A7c2<\/a><\/p>\u2014 RicardoAnayaC (@RicardoAnayaC) <a href=\"https:\/\/twitter.com\/RicardoAnayaC\/status\/1521097180555223042?ref_src=twsrc%5Etfw\">May 2, 2022<\/a><\/blockquote> <script async=\"\" src=\"https:\/\/platform.twitter.com\/widgets.js\" charset=\"utf-8\"><\/script>\n\n\n\n<p>Fuente: <a href=\"https:\/\/www.elfinanciero.com.mx\/nacional\/2022\/05\/02\/amflix-saca-nuevo-capitulo-sobre-el-ine-para-evitar-hablar-de-la-linea-12-ricardo-anaya\/\" data-type=\"URL\" data-id=\"https:\/\/www.elfinanciero.com.mx\/nacional\/2022\/05\/02\/amflix-saca-nuevo-capitulo-sobre-el-ine-para-evitar-hablar-de-la-linea-12-ricardo-anaya\/\">El financiero<\/a> <\/p>\n","protected":false},"excerpt":{"rendered":"<p>Andr\u00e9s Manuel L\u00f3pez Obrador&nbsp;quiere distraer con su nueva propuesta de reforma electoral para no hablar de la&nbsp;tragedia de la L\u00ednea 12, que ma\u00f1ana cumple un a\u00f1o, se\u00f1al\u00f3 este lunes Ricardo Anaya Cort\u00e9s, excandidato presidencial. Cuestion\u00f3 que a un a\u00f1o del accidente en el Metro de la Ciudad de M\u00e9xico todav\u00eda no se haya determinado a [&hellip;]<\/p>\n","protected":false},"author":35,"featured_media":52779,"comment_status":"open","ping_status":"open","sticky":false,"template":"","format":"standard","meta":{"_monsterinsights_skip_tracking":false,"_monsterinsights_sitenote_active":false,"_monsterinsights_sitenote_note":"","_monsterinsights_sitenote_category":0,"footnotes":""},"categories":[158],"tags":[188,443,3404,509],"class_list":["post-52772","post","type-post","status-publish","format-standard","has-post-thumbnail","hentry","category-politica","tag-amlo","tag-ine","tag-linea-12","tag-ricardo-anaya","wp-image-borders"],"amp_enabled":true,"_links":{"self":[{"href":"https:\/\/nvnoticias.mx\/index.php\/wp-json\/wp\/v2\/posts\/52772","targetHints":{"allow":["GET"]}}],"collection":[{"href":"https:\/\/nvnoticias.mx\/index.php\/wp-json\/wp\/v2\/posts"}],"about":[{"href":"https:\/\/nvnoticias.mx\/index.php\/wp-json\/wp\/v2\/types\/post"}],"author":[{"embeddable":true,"href":"https:\/\/nvnoticias.mx\/index.php\/wp-json\/wp\/v2\/users\/35"}],"replies":[{"embeddable":true,"href":"https:\/\/nvnoticias.mx\/index.php\/wp-json\/wp\/v2\/comments?post=52772"}],"version-history":[{"count":7,"href":"https:\/\/nvnoticias.mx\/index.php\/wp-json\/wp\/v2\/posts\/52772\/revisions"}],"predecessor-version":[{"id":52780,"href":"https:\/\/nvnoticias.mx\/index.php\/wp-json\/wp\/v2\/posts\/52772\/revisions\/52780"}],"wp:featuredmedia":[{"embeddable":true,"href":"https:\/\/nvnoticias.mx\/index.php\/wp-json\/wp\/v2\/media\/52779"}],"wp:attachment":[{"href":"https:\/\/nvnoticias.mx\/index.php\/wp-json\/wp\/v2\/media?parent=52772"}],"wp:term":[{"taxonomy":"category","embeddable":true,"href":"https:\/\/nvnoticias.mx\/index.php\/wp-json\/wp\/v2\/categories?post=52772"},{"taxonomy":"post_tag","embeddable":true,"href":"https:\/\/nvnoticias.mx\/index.php\/wp-json\/wp\/v2\/tags?post=52772"}],"curies":[{"name":"wp","href":"https:\/\/api.w.org\/{rel}","templated":true}]}}