{"id":52740,"date":"2022-05-02T06:51:30","date_gmt":"2022-05-02T11:51:30","guid":{"rendered":"https:\/\/nvnoticias.mx\/?p=52740"},"modified":"2022-05-02T06:51:31","modified_gmt":"2022-05-02T11:51:31","slug":"preve-mayorkas-alza-en-llegada-de-migrantes-a-frontera-sur-de-eu","status":"publish","type":"post","link":"https:\/\/nvnoticias.mx\/index.php\/2022\/05\/02\/preve-mayorkas-alza-en-llegada-de-migrantes-a-frontera-sur-de-eu\/","title":{"rendered":"Prev\u00e9 Mayorkas alza en llegada de migrantes a frontera sur de EU"},"content":{"rendered":"\n<p>El secretario de Seguridad Nacional (DHS) de Estados Unidos, el cubano-americano Alejandro Mayorkas, alert\u00f3 de una \u201ctensi\u00f3n extraordinaria\u201d en la frontera entre su pa\u00eds y M\u00e9xico cuando se levante el pol\u00e9mico T\u00edtulo 42, que permite, desde la era Trump, la&nbsp;<strong>expulsi\u00f3n de m\u00e1s de 1.7 millones de migrante<\/strong>s.<\/p>\n\n\n\n<p>El DHS estima que hasta 18 mil migrantes podr\u00edan llegar a la frontera sur de Estados Unidos diariamente, un aumento de 300 por ciento en relaci\u00f3n con los niveles actuales. \u201cEs nuestra responsabilidad estar preparados para diferentes escenarios, y eso es lo que estamos haciendo, y contamos con personas incre\u00edblemente talentosas y dedicadas. No hay duda de que, si de hecho alcanzamos ese n\u00famero, ser\u00e1 una tensi\u00f3n extraordinaria para nuestro sistema\u201d, alert\u00f3 el titular del DHS.<\/p>\n\n\n\n<p>Durante una reciente audiencia legislativa, el jefe del Comando Norte, general Glen VanHerck, confirm\u00f3 que el DHS puso en marcha planes para desplegar activos militares en la frontera ante la<strong>&nbsp;inminencia del repunte de migrantes<\/strong>. Estados Unidos tiene desplegadas 2 mil 450 tropas de la Guardia Nacional para tareas de vigilancia, detecci\u00f3n, inteligencia y apoyo a\u00e9reo.<\/p>\n\n\n\n<blockquote class=\"wp-block-quote is-layout-flow wp-block-quote-is-layout-flow\"><p>\u201cEs por eso que el plan que hemos elaborado contempla diversas acciones, no s\u00f3lo en el \u00e1mbito interno, sino tambi\u00e9n con nuestros socios del sur\u201d, dijo Mayorkas.<\/p><\/blockquote>\n\n\n\n<p>La administraci\u00f3n&nbsp;Biden planea levantar el T\u00edtulo 42 el pr\u00f3ximo 23 de mayo, pendiente de un litigio en los tribunales luego que una corte federal bloque\u00f3 los planes de la administraci\u00f3n Biden.<\/p>\n\n\n\n<blockquote class=\"wp-block-quote is-layout-flow wp-block-quote-is-layout-flow\"><p>\u201cLo que sucede ahora es que las personas son expulsadas bajo la autoridad del T\u00edtulo 42 o son colocadas en procedimientos de aplicaci\u00f3n de la ley de inmigraci\u00f3n, y son removidos si no tienen un reclamo v\u00e1lido bajo nuestra ley para permanecer. Entonces,&nbsp;la frontera no est\u00e1 abierta\u201d, dijo Mayorkas. <\/p><\/blockquote>\n\n\n\n<p>Su mensaje a los migrantes: \u201cNo vengan\u201d.<\/p>\n\n\n\n<p>La semana pasada, 133 republicanos exigieron a Mayorkas poner bajo control la frontera con M\u00e9xico y corregir la pol\u00edtica para evitar una \u201cmarejada\u201d de inmigrantes y de organizaciones criminales. \u201cLa hist\u00f3rica crisis en nuestra frontera sur va a empeorar por la rescisi\u00f3n del T\u00edtulo 42, que traer\u00e1 una marejada de migrantes a nuestra frontera sur\u201d, advirtieron.Aunque la migraci\u00f3n indocumentada estuvo dominada por las personas procedentes del Tri\u00e1ngulo del Norte (Honduras, Guatemala y el Salvador), Estados Unidos ha registrado un repunte desde el a\u00f1o pasado de los migrantes procedentes de M\u00e9xico, Venezuela, Cuba, Nicaragua y Hait\u00ed, entre otros pa\u00edses.<\/p>\n\n\n\n<p>Mayorkas sostuvo que existe unanimidad de que el sistema migratorio de Estados Unidos no funciona y que necesita una soluci\u00f3n urgente.<\/p>\n\n\n\n<p>Fuente: <a href=\"https:\/\/www.elfinanciero.com.mx\/mundo\/2022\/05\/02\/mayorkas-preve-alza-de-300-en-el-flujo-de-migracion\/\" data-type=\"URL\" data-id=\"https:\/\/www.elfinanciero.com.mx\/mundo\/2022\/05\/02\/mayorkas-preve-alza-de-300-en-el-flujo-de-migracion\/\">El Financiero<\/a> <\/p>\n","protected":false},"excerpt":{"rendered":"<p>El secretario de Seguridad Nacional (DHS) de Estados Unidos, el cubano-americano Alejandro Mayorkas, alert\u00f3 de una \u201ctensi\u00f3n extraordinaria\u201d en la frontera entre su pa\u00eds y M\u00e9xico cuando se levante el pol\u00e9mico T\u00edtulo 42, que permite, desde la era Trump, la&nbsp;expulsi\u00f3n de m\u00e1s de 1.7 millones de migrantes. El DHS estima que hasta 18 mil migrantes [&hellip;]<\/p>\n","protected":false},"author":35,"featured_media":16282,"comment_status":"open","ping_status":"open","sticky":false,"template":"","format":"standard","meta":{"_monsterinsights_skip_tracking":false,"_monsterinsights_sitenote_active":false,"_monsterinsights_sitenote_note":"","_monsterinsights_sitenote_category":0,"footnotes":""},"categories":[181],"tags":[4438,7541,183,14267,14266,452,9676],"class_list":["post-52740","post","type-post","status-publish","format-standard","has-post-thumbnail","hentry","category-internacional","tag-alejandro-mayorkas","tag-alza","tag-estados-unidos","tag-frontera-sur","tag-llegada","tag-migrantes","tag-preve","wp-image-borders"],"amp_enabled":true,"_links":{"self":[{"href":"https:\/\/nvnoticias.mx\/index.php\/wp-json\/wp\/v2\/posts\/52740","targetHints":{"allow":["GET"]}}],"collection":[{"href":"https:\/\/nvnoticias.mx\/index.php\/wp-json\/wp\/v2\/posts"}],"about":[{"href":"https:\/\/nvnoticias.mx\/index.php\/wp-json\/wp\/v2\/types\/post"}],"author":[{"embeddable":true,"href":"https:\/\/nvnoticias.mx\/index.php\/wp-json\/wp\/v2\/users\/35"}],"replies":[{"embeddable":true,"href":"https:\/\/nvnoticias.mx\/index.php\/wp-json\/wp\/v2\/comments?post=52740"}],"version-history":[{"count":4,"href":"https:\/\/nvnoticias.mx\/index.php\/wp-json\/wp\/v2\/posts\/52740\/revisions"}],"predecessor-version":[{"id":52744,"href":"https:\/\/nvnoticias.mx\/index.php\/wp-json\/wp\/v2\/posts\/52740\/revisions\/52744"}],"wp:featuredmedia":[{"embeddable":true,"href":"https:\/\/nvnoticias.mx\/index.php\/wp-json\/wp\/v2\/media\/16282"}],"wp:attachment":[{"href":"https:\/\/nvnoticias.mx\/index.php\/wp-json\/wp\/v2\/media?parent=52740"}],"wp:term":[{"taxonomy":"category","embeddable":true,"href":"https:\/\/nvnoticias.mx\/index.php\/wp-json\/wp\/v2\/categories?post=52740"},{"taxonomy":"post_tag","embeddable":true,"href":"https:\/\/nvnoticias.mx\/index.php\/wp-json\/wp\/v2\/tags?post=52740"}],"curies":[{"name":"wp","href":"https:\/\/api.w.org\/{rel}","templated":true}]}}