{"id":5265,"date":"2021-02-20T20:40:32","date_gmt":"2021-02-21T02:40:32","guid":{"rendered":"https:\/\/nvnoticias.mx\/?p=5265"},"modified":"2021-02-20T20:40:33","modified_gmt":"2021-02-21T02:40:33","slug":"guias-de-turista-piden-apertura-de-zonas-arqueologicas","status":"publish","type":"post","link":"https:\/\/nvnoticias.mx\/index.php\/2021\/02\/20\/guias-de-turista-piden-apertura-de-zonas-arqueologicas\/","title":{"rendered":"Gu\u00edas de turista piden apertura de zonas arqueol\u00f3gicas"},"content":{"rendered":"\n<p><strong>Jes\u00fas Utrilla \/ NV Noticias <\/strong><\/p>\n\n\n\n<p>Debido a la escasa presencia de turistas y por el cierre de zonas arqueol\u00f3gicas e inmuebles hist\u00f3ricos, los gu\u00edas de turista de la ciudad de Veracruz subsisten en condiciones precarias.<\/p>\n\n\n\n<p>Andr\u00e9s Huesca, representante de la Asociaci\u00f3n Nacional de Gu\u00edas tur\u00edsticos, record\u00f3 que lugares como San Juan de Ul\u00faa lleva casi un a\u00f1o cerrado al p\u00fablico por la pandemia del coronavirus y ellos no tienen ingresos.&nbsp;<\/p>\n\n\n\n<p>Consider\u00f3 insuficiente el apoyo econ\u00f3mico brindado por la Secretar\u00eda de Turismo, pues tinene pr\u00e1cticamente un a\u00f1o sin trabajar.<\/p>\n\n\n\n<blockquote class=\"wp-block-quote is-layout-flow wp-block-quote-is-layout-flow\"><p>\u201cLa situaci\u00f3n de los gu\u00edas de turistas es muy precaria, porque ya desde hace un a\u00f1o no tenemos trabajo, debo decir que por primera vez en la historia, los gu\u00edas tenemos apoyos m\u00ednimos, pero hemos tenido por parte de la Secretar\u00eda de Turismo, es econ\u00f3mico pero obviamente no sirve mucho para llevar esta pandemia pero cuando menos es algo\u201d.<\/p><\/blockquote>\n\n\n\n<p>Agreg\u00f3 que la Fortaleza de San Juan de Ul\u00faa es uno de los sitios m\u00e1s visitados y principal fuente de ingresos del sector y a su parecer este y el resto de los sitios deber\u00edan estar abiertos al p\u00fablico, cumpliendo con la sana distancia, el uso de gel antibacterial, caretas o cubrebocas.\u00a0<\/p>\n\n\n\n<blockquote class=\"wp-block-quote is-layout-flow wp-block-quote-is-layout-flow\"><p>\u201cEs una l\u00e1stima que se les olvide que \u00e9ramos la segunda fuerza que ingresaba a las arcas del pa\u00eds, la primera era las remesas y luego nosotros la Industria sin chimeneas que se ha venido abajo y lamentablemente los apoyos han sido m\u00ednimos\u201d.\u00a0<\/p><\/blockquote>\n\n\n\n<p>En el Puerto de Veracruz son alrededor de 20 gu\u00edas de turistas afectados por el cierre del San Juan Ul\u00faa, sin embargo estim\u00f3 que el n\u00famero es mayor, ya que hay m\u00e1s sitios hist\u00f3ricos en el pa\u00eds cerrados al p\u00fablico.<\/p>\n\n\n\n<p><em>Foto: Porfirio Castro \/ Secretar\u00eda de Cultura \/ INAH.<\/em><\/p>\n","protected":false},"excerpt":{"rendered":"<p>Jes\u00fas Utrilla \/ NV Noticias Debido a la escasa presencia de turistas y por el cierre de zonas arqueol\u00f3gicas e inmuebles hist\u00f3ricos, los gu\u00edas de turista de la ciudad de Veracruz subsisten en condiciones precarias. Andr\u00e9s Huesca, representante de la Asociaci\u00f3n Nacional de Gu\u00edas tur\u00edsticos, record\u00f3 que lugares como San Juan de Ul\u00faa lleva casi [&hellip;]<\/p>\n","protected":false},"author":7,"featured_media":5266,"comment_status":"open","ping_status":"open","sticky":false,"template":"","format":"standard","meta":{"_monsterinsights_skip_tracking":false,"_monsterinsights_sitenote_active":false,"_monsterinsights_sitenote_note":"","_monsterinsights_sitenote_category":0,"footnotes":""},"categories":[154],"tags":[1582,1584,1585,180,1583],"class_list":["post-5265","post","type-post","status-publish","format-standard","has-post-thumbnail","hentry","category-veracruz","tag-guias","tag-inmuebles-historicos","tag-san-juan-de-ulua","tag-veracruz","tag-zonas-arqueologicas","wp-image-borders"],"amp_enabled":true,"_links":{"self":[{"href":"https:\/\/nvnoticias.mx\/index.php\/wp-json\/wp\/v2\/posts\/5265","targetHints":{"allow":["GET"]}}],"collection":[{"href":"https:\/\/nvnoticias.mx\/index.php\/wp-json\/wp\/v2\/posts"}],"about":[{"href":"https:\/\/nvnoticias.mx\/index.php\/wp-json\/wp\/v2\/types\/post"}],"author":[{"embeddable":true,"href":"https:\/\/nvnoticias.mx\/index.php\/wp-json\/wp\/v2\/users\/7"}],"replies":[{"embeddable":true,"href":"https:\/\/nvnoticias.mx\/index.php\/wp-json\/wp\/v2\/comments?post=5265"}],"version-history":[{"count":1,"href":"https:\/\/nvnoticias.mx\/index.php\/wp-json\/wp\/v2\/posts\/5265\/revisions"}],"predecessor-version":[{"id":5267,"href":"https:\/\/nvnoticias.mx\/index.php\/wp-json\/wp\/v2\/posts\/5265\/revisions\/5267"}],"wp:featuredmedia":[{"embeddable":true,"href":"https:\/\/nvnoticias.mx\/index.php\/wp-json\/wp\/v2\/media\/5266"}],"wp:attachment":[{"href":"https:\/\/nvnoticias.mx\/index.php\/wp-json\/wp\/v2\/media?parent=5265"}],"wp:term":[{"taxonomy":"category","embeddable":true,"href":"https:\/\/nvnoticias.mx\/index.php\/wp-json\/wp\/v2\/categories?post=5265"},{"taxonomy":"post_tag","embeddable":true,"href":"https:\/\/nvnoticias.mx\/index.php\/wp-json\/wp\/v2\/tags?post=5265"}],"curies":[{"name":"wp","href":"https:\/\/api.w.org\/{rel}","templated":true}]}}