{"id":52517,"date":"2022-04-30T12:59:55","date_gmt":"2022-04-30T17:59:55","guid":{"rendered":"https:\/\/nvnoticias.mx\/?p=52517"},"modified":"2022-04-30T12:59:56","modified_gmt":"2022-04-30T17:59:56","slug":"abren-49-mil-nuevas-vacantes-de-becas-jovenes-construyendo-el-futuro","status":"publish","type":"post","link":"https:\/\/nvnoticias.mx\/index.php\/2022\/04\/30\/abren-49-mil-nuevas-vacantes-de-becas-jovenes-construyendo-el-futuro\/","title":{"rendered":"Abren 49 mil nuevas vacantes de becas J\u00f3venes construyendo el futuro"},"content":{"rendered":"\n<p><strong>Sam Ojeda | NV Noticias <\/strong><\/p>\n\n\n\n<p>Xalapa.-El coordinador Estatal del Programa \u201cJ\u00f3venes Construyendo el Futuro\u201d en la Secretar\u00eda del Bienestar, Jorge Luna Hern\u00e1ndez, inform\u00f3 que a nivel nacional se abrieron 40 mil vacantes.<\/p>\n\n\n\n<p>En entrevista, se\u00f1al\u00f3 que esta cifra son adicionales&nbsp; a las que ya se encuentran vinculadas a un Centro de Trabajo.<\/p>\n\n\n\n<blockquote class=\"wp-block-quote is-layout-flow wp-block-quote-is-layout-flow\"><p>\u201cSe abrieron m\u00e1s de 40 mil vacantes adem\u00e1s de las que ya est\u00e1n vinculadas, que son realmente bastante\u201d.<\/p><\/blockquote>\n\n\n\n<p>El funcionario se\u00f1al\u00f3 que en el Estado de Veracruz se tienen actualmente a m\u00e1s de 50 mil j\u00f3venes vinculados en los 212 municipios, ya prestando capacitaci\u00f3n en un Centro de Trabajo y 18 mil 350 Centros de Trabajo aproximadamente.<\/p>\n\n\n\n<p>Asimismo, precis\u00f3 que en la ciudad de Xalapa hay cerca de 12 mil j\u00f3venes en capacitaci\u00f3n, y m\u00e1s de 3 mil 600 centros activos.<\/p>\n\n\n\n<blockquote class=\"wp-block-quote is-layout-flow wp-block-quote-is-layout-flow\"><p>\u201cEs el municipio que tiene la mayor cantidad de j\u00f3venes ingresados en el programa\u201d, finaliz\u00f3.<\/p><\/blockquote>\n","protected":false},"excerpt":{"rendered":"<p>Sam Ojeda | NV Noticias Xalapa.-El coordinador Estatal del Programa \u201cJ\u00f3venes Construyendo el Futuro\u201d en la Secretar\u00eda del Bienestar, Jorge Luna Hern\u00e1ndez, inform\u00f3 que a nivel nacional se abrieron 40 mil vacantes. En entrevista, se\u00f1al\u00f3 que esta cifra son adicionales&nbsp; a las que ya se encuentran vinculadas a un Centro de Trabajo. \u201cSe abrieron m\u00e1s [&hellip;]<\/p>\n","protected":false},"author":35,"featured_media":28646,"comment_status":"open","ping_status":"open","sticky":false,"template":"","format":"standard","meta":{"_monsterinsights_skip_tracking":false,"_monsterinsights_sitenote_active":false,"_monsterinsights_sitenote_note":"","_monsterinsights_sitenote_category":0,"footnotes":""},"categories":[156],"tags":[10562,2609,2661,7942,14204],"class_list":["post-52517","post","type-post","status-publish","format-standard","has-post-thumbnail","hentry","category-estado","tag-abren","tag-becas","tag-jovenes-construyendo-el-futuro","tag-nuevas","tag-vacantes","wp-image-borders"],"amp_enabled":true,"_links":{"self":[{"href":"https:\/\/nvnoticias.mx\/index.php\/wp-json\/wp\/v2\/posts\/52517","targetHints":{"allow":["GET"]}}],"collection":[{"href":"https:\/\/nvnoticias.mx\/index.php\/wp-json\/wp\/v2\/posts"}],"about":[{"href":"https:\/\/nvnoticias.mx\/index.php\/wp-json\/wp\/v2\/types\/post"}],"author":[{"embeddable":true,"href":"https:\/\/nvnoticias.mx\/index.php\/wp-json\/wp\/v2\/users\/35"}],"replies":[{"embeddable":true,"href":"https:\/\/nvnoticias.mx\/index.php\/wp-json\/wp\/v2\/comments?post=52517"}],"version-history":[{"count":2,"href":"https:\/\/nvnoticias.mx\/index.php\/wp-json\/wp\/v2\/posts\/52517\/revisions"}],"predecessor-version":[{"id":52519,"href":"https:\/\/nvnoticias.mx\/index.php\/wp-json\/wp\/v2\/posts\/52517\/revisions\/52519"}],"wp:featuredmedia":[{"embeddable":true,"href":"https:\/\/nvnoticias.mx\/index.php\/wp-json\/wp\/v2\/media\/28646"}],"wp:attachment":[{"href":"https:\/\/nvnoticias.mx\/index.php\/wp-json\/wp\/v2\/media?parent=52517"}],"wp:term":[{"taxonomy":"category","embeddable":true,"href":"https:\/\/nvnoticias.mx\/index.php\/wp-json\/wp\/v2\/categories?post=52517"},{"taxonomy":"post_tag","embeddable":true,"href":"https:\/\/nvnoticias.mx\/index.php\/wp-json\/wp\/v2\/tags?post=52517"}],"curies":[{"name":"wp","href":"https:\/\/api.w.org\/{rel}","templated":true}]}}