{"id":52497,"date":"2022-04-30T10:56:46","date_gmt":"2022-04-30T15:56:46","guid":{"rendered":"https:\/\/nvnoticias.mx\/?p=52497"},"modified":"2022-04-30T10:56:47","modified_gmt":"2022-04-30T15:56:47","slug":"niega-abogado-que-genaro-garcia-luna-tenga-conexion-con-el-cartel-de-sinaloa","status":"publish","type":"post","link":"https:\/\/nvnoticias.mx\/index.php\/2022\/04\/30\/niega-abogado-que-genaro-garcia-luna-tenga-conexion-con-el-cartel-de-sinaloa\/","title":{"rendered":"Niega abogado que Genaro Garc\u00eda Luna tenga conexi\u00f3n con el C\u00e1rtel de Sinaloa"},"content":{"rendered":"\n<p>El abogado del exsecretario de Seguridad P\u00fablica de M\u00e9xico,\u00a0<strong>Genaro Garc\u00eda Luna<\/strong>, asegur\u00f3 el s\u00e1bado en documentos judiciales que su cliente no es violento ni tiene conexi\u00f3n con altos mandos del\u00a0<strong>C\u00e1rtel de Sinaloa\u00a0<\/strong>y que, por lo tanto, los miembros del jurado en su juicio por<strong>\u00a0narcotr\u00e1fico<\/strong>\u00a0no deber\u00edan quedar an\u00f3nimos ni ser apartados del p\u00fablico.\u00a0<\/p>\n\n\n\n<p>En 25 p\u00e1ginas ingresadas al sistema electr\u00f3nico de las cortes federales estadounidenses, el abogado&nbsp;<strong>C\u00e9sar de Castro&nbsp;<\/strong>asegura que un jurado que se mantenga an\u00f3nimo, escoltado y separado del p\u00fablico durante el juicio a&nbsp;<strong>Garc\u00eda Luna<\/strong>&nbsp;dar\u00eda la impresi\u00f3n de que su cliente es culpable de los cargos que se le imputan y que eso no garantiza un juicio justo.&nbsp;<\/p>\n\n\n\n<p>Garc\u00eda Luna, quien fue secretario de Seguridad P\u00fablica de 2006 a 2012 durante el gobierno del entonces presidente Felipe Calder\u00f3n, se ha declarado inocente de cargos que incluyen asociaci\u00f3n delictiva para distribuir coca\u00edna, participaci\u00f3n en una empresa criminal continua y mentir a las autoridades.\u00a0<\/p>\n\n\n\n<p>Est\u00e1 acusado en Estados Unidos de recibir millones de d\u00f3lares en sobornos por parte del C\u00e1rtel de Sinaloa a cambio de que la organizaci\u00f3n criminal pudiera operar a sus anchas.<\/p>\n\n\n\n<p>De Castro respondi\u00f3 el s\u00e1bado que su cliente no tiene dinero: todas sus cuentas est\u00e1n congeladas y, por lo tanto, no puede sobornar a ning\u00fan miembro del jurado.\u00a0<\/p>\n\n\n\n<p>Los fiscales piden al juez que, al igual que se hizo en el juicio a Joaqu\u00edn \u201cEl Chapo\u201d Guzm\u00e1n, exl\u00edder del C\u00e1rtel de Sinaloa, no se revelen p\u00fablicamente los nombres de los miembros del jurado y que \u00e9stos sean escoltados cada ma\u00f1ana y cada noche de sus casas a la corte.<\/p>\n\n\n\n<p>Tambi\u00e9n dicen que les preocupa que personas cercanas a Garc\u00eda Luna lleven a cabo una campa\u00f1a de acoso, intimidaci\u00f3n y violencia contra testigos en el juicio y sus familias.<\/p>\n\n\n\n<p>De Castro dijo que el s\u00e1bado que entre los miles de documentos de pruebas que la fiscal\u00eda ha presentado contra su cliente, no hay evidencia de lazos entre&nbsp;<strong>Garc\u00eda Luna&nbsp;<\/strong>y el C\u00e1rtel de Sinaloa.&nbsp;<\/p>\n\n\n\n<blockquote class=\"wp-block-quote is-layout-flow wp-block-quote-is-layout-flow\"><p>\u201cNinguna de las acusaciones contra el se\u00f1or Garc\u00eda Luna encaja con factores legales que justifiquen un jurado an\u00f3nimo. \u00c9l no tiene un historial de violencia\u201d, escribi\u00f3 De Castro. \u201c\u00c9l no cuenta con un historial de interferir con el proceso judicial\u201d.<\/p><\/blockquote>\n\n\n\n<p>Entre las pruebas, De Castro menciona una grabaci\u00f3n que un compa\u00f1ero de celda de Garc\u00eda Luna hizo en la c\u00e1rcel. En la grabaci\u00f3n \u2014que casi no se oye, dice Castro \u2014 otro preso le hace muchas preguntas a Garc\u00eda Luna. Seg\u00fan el abogado, el preso que pregunta est\u00e1 desesperado por recibir apoyo de los fiscales a su paquete de fianza y por eso intenta incriminar a Garc\u00eda Luna. La grabaci\u00f3n deber\u00eda desestimarse como prueba, dice De Castro.<\/p>\n\n\n\n<p>Fuente: <a href=\"https:\/\/www.eluniversal.com.mx\/mundo\/jurado-en-eu-no-deberia-ser-anonimo-ni-apartado-del-publico-abogado-de-genaro-garcia-luna\" data-type=\"URL\" data-id=\"https:\/\/www.eluniversal.com.mx\/mundo\/jurado-en-eu-no-deberia-ser-anonimo-ni-apartado-del-publico-abogado-de-genaro-garcia-luna\">El Universal<\/a> <\/p>\n","protected":false},"excerpt":{"rendered":"<p>El abogado del exsecretario de Seguridad P\u00fablica de M\u00e9xico,\u00a0Genaro Garc\u00eda Luna, asegur\u00f3 el s\u00e1bado en documentos judiciales que su cliente no es violento ni tiene conexi\u00f3n con altos mandos del\u00a0C\u00e1rtel de Sinaloa\u00a0y que, por lo tanto, los miembros del jurado en su juicio por\u00a0narcotr\u00e1fico\u00a0no deber\u00edan quedar an\u00f3nimos ni ser apartados del p\u00fablico.\u00a0 En 25 p\u00e1ginas [&hellip;]<\/p>\n","protected":false},"author":35,"featured_media":6307,"comment_status":"open","ping_status":"open","sticky":false,"template":"","format":"standard","meta":{"_monsterinsights_skip_tracking":false,"_monsterinsights_sitenote_active":false,"_monsterinsights_sitenote_note":"","_monsterinsights_sitenote_category":0,"footnotes":""},"categories":[158],"tags":[1223,2556,14196,4504,7927,13286],"class_list":["post-52497","post","type-post","status-publish","format-standard","has-post-thumbnail","hentry","category-politica","tag-abogado","tag-cartel-de-sinaloa","tag-conexion","tag-genaro-garcia-luna","tag-niega","tag-tenga","wp-image-borders"],"amp_enabled":true,"_links":{"self":[{"href":"https:\/\/nvnoticias.mx\/index.php\/wp-json\/wp\/v2\/posts\/52497","targetHints":{"allow":["GET"]}}],"collection":[{"href":"https:\/\/nvnoticias.mx\/index.php\/wp-json\/wp\/v2\/posts"}],"about":[{"href":"https:\/\/nvnoticias.mx\/index.php\/wp-json\/wp\/v2\/types\/post"}],"author":[{"embeddable":true,"href":"https:\/\/nvnoticias.mx\/index.php\/wp-json\/wp\/v2\/users\/35"}],"replies":[{"embeddable":true,"href":"https:\/\/nvnoticias.mx\/index.php\/wp-json\/wp\/v2\/comments?post=52497"}],"version-history":[{"count":6,"href":"https:\/\/nvnoticias.mx\/index.php\/wp-json\/wp\/v2\/posts\/52497\/revisions"}],"predecessor-version":[{"id":52503,"href":"https:\/\/nvnoticias.mx\/index.php\/wp-json\/wp\/v2\/posts\/52497\/revisions\/52503"}],"wp:featuredmedia":[{"embeddable":true,"href":"https:\/\/nvnoticias.mx\/index.php\/wp-json\/wp\/v2\/media\/6307"}],"wp:attachment":[{"href":"https:\/\/nvnoticias.mx\/index.php\/wp-json\/wp\/v2\/media?parent=52497"}],"wp:term":[{"taxonomy":"category","embeddable":true,"href":"https:\/\/nvnoticias.mx\/index.php\/wp-json\/wp\/v2\/categories?post=52497"},{"taxonomy":"post_tag","embeddable":true,"href":"https:\/\/nvnoticias.mx\/index.php\/wp-json\/wp\/v2\/tags?post=52497"}],"curies":[{"name":"wp","href":"https:\/\/api.w.org\/{rel}","templated":true}]}}