{"id":52452,"date":"2022-04-30T09:41:20","date_gmt":"2022-04-30T14:41:20","guid":{"rendered":"https:\/\/nvnoticias.mx\/?p=52452"},"modified":"2022-04-30T09:41:22","modified_gmt":"2022-04-30T14:41:22","slug":"trabajaran-juntos-biden-y-amlo-para-reducir-migracion","status":"publish","type":"post","link":"https:\/\/nvnoticias.mx\/index.php\/2022\/04\/30\/trabajaran-juntos-biden-y-amlo-para-reducir-migracion\/","title":{"rendered":"Trabajar\u00e1n juntos Biden y AMLO para reducir migraci\u00f3n"},"content":{"rendered":"\n<p>El presidente de Estados Unidos, Joe Biden, llam\u00f3 al presidente Andr\u00e9s Manuel L\u00f3pez Obrador a impulsar una estrategia com\u00fan ante el flujo \u201csin precedentes\u201d de migrantes que est\u00e1 llegando a la frontera entre ambas naciones.<\/p>\n\n\n\n<p>La Casa Blanca calific\u00f3 de \u201cconstructiva\u201d la conversaci\u00f3n que mantuvieron ayer ambos mandatarios, mientras que L\u00f3pez Obrador la consider\u00f3 como \u201ccordial\u201d, en un momento en el que Biden est\u00e1 preocupado por la llegada a la frontera sur estadounidense de una cifra de indocumentados in\u00e9dita en 20 a\u00f1os.<\/p>\n\n\n\n<blockquote class=\"wp-block-quote is-layout-flow wp-block-quote-is-layout-flow\"><p>\u201cLa mayor parte de la conversaci\u00f3n estuvo centrada en migraci\u00f3n, y trat\u00f3 sobre (&#8230;) dar pasos para reducir la migraci\u00f3n en la frontera [com\u00fan]\u201d, coment\u00f3 Jen Psaki, portavoz de la Casa Blanca, en rueda de prensa.<\/p><\/blockquote>\n\n\n\n<p>Psaki quiso contrastar la postura del presidente estadounidense con la de su predecesor, y recalc\u00f3 que Biden no estuvo \u201camenazando al Presidente mexicano en ning\u00fan sentido\u201d, como s\u00ed hizo Donald Trump.<\/p>\n\n\n\n<p>El presidente L\u00f3pez Obrador viajar\u00e1 la pr\u00f3xima semana a Guatemala, El Salvador, Honduras, Belice y Cuba. En Centroam\u00e9rica tiene previsto hablar con sus hom\u00f3logos sobre el desarrollo econ\u00f3mico y los programas sociales que podr\u00edan reducir la presi\u00f3n que sienten los habitantes de esos pa\u00edses para emigrar, un asunto en el que M\u00e9xico ha intentado buscar desde hace tiempo el apoyo de Washington.<\/p>\n\n\n\n<p>En su cuenta de Twitter, el presidente L\u00f3pez Obrador plante\u00f3 a su hom\u00f3logo de Estados Unidos que para la pr\u00f3xima Cumbre de las Am\u00e9ricas se invite a todos los pa\u00edses del continente, sin excluir a nadie. En un comunicado, Presidencia de la Rep\u00fablica inform\u00f3 que, durante la conversaci\u00f3n telef\u00f3nica, L\u00f3pez Obrador confirm\u00f3 que participar\u00e1 en dicho evento y propuso que todos los pa\u00edses de Am\u00e9rica reciban invitaci\u00f3n, \u201csin excluir a nadie\u201d.<\/p>\n\n\n\n<p>Detall\u00f3 que durante la conversaci\u00f3n telef\u00f3nica entre ambos mandatarios se revisaron los temas clave en la relaci\u00f3n bilateral y dialogaron sobre la pr\u00f3xima Cumbre de las Am\u00e9ricas, que se llevar\u00e1 a cabo en Los \u00c1ngeles, California, del 6 al 20 de junio.<\/p>\n\n\n\n<p>Se\u00f1al\u00f3 que tambi\u00e9n se revis\u00f3 la colaboraci\u00f3n bilateral para el desarrollo de Centroam\u00e9rica y el sur de M\u00e9xico, con el objetivo de atender las causas profundas de la migraci\u00f3n.<\/p>\n\n\n\n<p>Fuente: <a href=\"https:\/\/www.eluniversal.com.mx\/nacion\/amlo-y-biden-van-por-reducir-migracion\" data-type=\"URL\" data-id=\"https:\/\/www.eluniversal.com.mx\/nacion\/amlo-y-biden-van-por-reducir-migracion\">El Universal<\/a> <\/p>\n","protected":false},"excerpt":{"rendered":"<p>El presidente de Estados Unidos, Joe Biden, llam\u00f3 al presidente Andr\u00e9s Manuel L\u00f3pez Obrador a impulsar una estrategia com\u00fan ante el flujo \u201csin precedentes\u201d de migrantes que est\u00e1 llegando a la frontera entre ambas naciones. La Casa Blanca calific\u00f3 de \u201cconstructiva\u201d la conversaci\u00f3n que mantuvieron ayer ambos mandatarios, mientras que L\u00f3pez Obrador la consider\u00f3 como [&hellip;]<\/p>\n","protected":false},"author":35,"featured_media":31257,"comment_status":"open","ping_status":"open","sticky":false,"template":"","format":"standard","meta":{"_monsterinsights_skip_tracking":false,"_monsterinsights_sitenote_active":false,"_monsterinsights_sitenote_note":"","_monsterinsights_sitenote_category":0,"footnotes":""},"categories":[157],"tags":[188,182,11501,682,162,8218,11204],"class_list":["post-52452","post","type-post","status-publish","format-standard","has-post-thumbnail","hentry","category-nacional","tag-amlo","tag-joe-biden","tag-juntos","tag-migracion","tag-portada","tag-reducir","tag-trabajaran","wp-image-borders"],"amp_enabled":true,"_links":{"self":[{"href":"https:\/\/nvnoticias.mx\/index.php\/wp-json\/wp\/v2\/posts\/52452","targetHints":{"allow":["GET"]}}],"collection":[{"href":"https:\/\/nvnoticias.mx\/index.php\/wp-json\/wp\/v2\/posts"}],"about":[{"href":"https:\/\/nvnoticias.mx\/index.php\/wp-json\/wp\/v2\/types\/post"}],"author":[{"embeddable":true,"href":"https:\/\/nvnoticias.mx\/index.php\/wp-json\/wp\/v2\/users\/35"}],"replies":[{"embeddable":true,"href":"https:\/\/nvnoticias.mx\/index.php\/wp-json\/wp\/v2\/comments?post=52452"}],"version-history":[{"count":5,"href":"https:\/\/nvnoticias.mx\/index.php\/wp-json\/wp\/v2\/posts\/52452\/revisions"}],"predecessor-version":[{"id":52457,"href":"https:\/\/nvnoticias.mx\/index.php\/wp-json\/wp\/v2\/posts\/52452\/revisions\/52457"}],"wp:featuredmedia":[{"embeddable":true,"href":"https:\/\/nvnoticias.mx\/index.php\/wp-json\/wp\/v2\/media\/31257"}],"wp:attachment":[{"href":"https:\/\/nvnoticias.mx\/index.php\/wp-json\/wp\/v2\/media?parent=52452"}],"wp:term":[{"taxonomy":"category","embeddable":true,"href":"https:\/\/nvnoticias.mx\/index.php\/wp-json\/wp\/v2\/categories?post=52452"},{"taxonomy":"post_tag","embeddable":true,"href":"https:\/\/nvnoticias.mx\/index.php\/wp-json\/wp\/v2\/tags?post=52452"}],"curies":[{"name":"wp","href":"https:\/\/api.w.org\/{rel}","templated":true}]}}