{"id":52425,"date":"2022-04-29T17:45:17","date_gmt":"2022-04-29T22:45:17","guid":{"rendered":"https:\/\/nvnoticias.mx\/?p=52425"},"modified":"2022-04-29T17:45:18","modified_gmt":"2022-04-29T22:45:18","slug":"promueve-ayuntamiento-inclusion-digital-de-la-ninez","status":"publish","type":"post","link":"https:\/\/nvnoticias.mx\/index.php\/2022\/04\/29\/promueve-ayuntamiento-inclusion-digital-de-la-ninez\/","title":{"rendered":"Promueve Ayuntamiento inclusi\u00f3n digital de la ni\u00f1ez"},"content":{"rendered":"\n<p>Xalapa, Ver.- Para esta administraci\u00f3n la agenda tecnol\u00f3gica es una prioridad, por lo que con trabajo y la labor que se hace desde la Direcci\u00f3n de Gobierno Abierto se pondr\u00e1n al alcance de la ni\u00f1ez las herramientas de la modernidad, afirm\u00f3 el alcalde Ricardo Ahued Bardahuil durante la inauguraci\u00f3n de la Feria Tecnol\u00f3gica Tecno Kids, inclusi\u00f3n digital.<\/p>\n\n\n\n<p>Acompa\u00f1ado por el regidor Carlos Rugerio Mart\u00ednez, el Edil dio a conocer que este tipo de actividades tambi\u00e9n se llevar\u00e1n a cabo en la zona rural de Xalapa como las congregaciones Chiltoyac, Tronconal, Colonia 6 de Enero y El Castillo, y refrend\u00f3 el compromiso del Ayuntamiento de trabajar de forma cercana a la gente y con vocaci\u00f3n de servicio, con el fin de resolver y atender las principales solicitudes de la sociedad.<\/p>\n\n\n\n<p>Como parte de esta feria que se efectu\u00f3 en el patio central de Palacio Municipal, en el marco de los festejos del D\u00eda de la Ni\u00f1a y el Ni\u00f1o, se entregaron regalos a los peque\u00f1os presentes y se desarrollaron talleres de programaci\u00f3n inicial, ensamble de computadoras y electr\u00f3nica b\u00e1sica.<\/p>\n\n\n\n<figure class=\"wp-block-gallery columns-3 is-cropped wp-block-gallery-1 is-layout-flex wp-block-gallery-is-layout-flex\"><ul class=\"blocks-gallery-grid\"><li class=\"blocks-gallery-item\"><figure><img loading=\"lazy\" decoding=\"async\" width=\"1024\" height=\"684\" src=\"https:\/\/nvnoticias.mx\/wp-content\/uploads\/2022\/04\/IMG-20220429-WA0035.jpg\" alt=\"\" data-id=\"52429\" data-full-url=\"https:\/\/nvnoticias.mx\/wp-content\/uploads\/2022\/04\/IMG-20220429-WA0035.jpg\" data-link=\"https:\/\/nvnoticias.mx\/?attachment_id=52429\" class=\"wp-image-52429\" srcset=\"https:\/\/nvnoticias.mx\/wp-content\/uploads\/2022\/04\/IMG-20220429-WA0035.jpg 1024w, https:\/\/nvnoticias.mx\/wp-content\/uploads\/2022\/04\/IMG-20220429-WA0035-300x200.jpg 300w, https:\/\/nvnoticias.mx\/wp-content\/uploads\/2022\/04\/IMG-20220429-WA0035-768x513.jpg 768w\" sizes=\"auto, (max-width: 1024px) 100vw, 1024px\" \/><\/figure><\/li><li class=\"blocks-gallery-item\"><figure><img loading=\"lazy\" decoding=\"async\" width=\"1024\" height=\"684\" src=\"https:\/\/nvnoticias.mx\/wp-content\/uploads\/2022\/04\/IMG-20220429-WA0032.jpg\" alt=\"\" data-id=\"52427\" data-full-url=\"https:\/\/nvnoticias.mx\/wp-content\/uploads\/2022\/04\/IMG-20220429-WA0032.jpg\" data-link=\"https:\/\/nvnoticias.mx\/?attachment_id=52427\" class=\"wp-image-52427\" srcset=\"https:\/\/nvnoticias.mx\/wp-content\/uploads\/2022\/04\/IMG-20220429-WA0032.jpg 1024w, https:\/\/nvnoticias.mx\/wp-content\/uploads\/2022\/04\/IMG-20220429-WA0032-300x200.jpg 300w, https:\/\/nvnoticias.mx\/wp-content\/uploads\/2022\/04\/IMG-20220429-WA0032-768x513.jpg 768w\" sizes=\"auto, (max-width: 1024px) 100vw, 1024px\" \/><\/figure><\/li><li class=\"blocks-gallery-item\"><figure><img loading=\"lazy\" decoding=\"async\" width=\"1024\" height=\"684\" src=\"https:\/\/nvnoticias.mx\/wp-content\/uploads\/2022\/04\/IMG-20220429-WA0033-1024x684.jpg\" alt=\"\" data-id=\"52426\" data-full-url=\"https:\/\/nvnoticias.mx\/wp-content\/uploads\/2022\/04\/IMG-20220429-WA0033.jpg\" data-link=\"https:\/\/nvnoticias.mx\/?attachment_id=52426\" class=\"wp-image-52426\" srcset=\"https:\/\/nvnoticias.mx\/wp-content\/uploads\/2022\/04\/IMG-20220429-WA0033-1024x684.jpg 1024w, https:\/\/nvnoticias.mx\/wp-content\/uploads\/2022\/04\/IMG-20220429-WA0033-300x200.jpg 300w, https:\/\/nvnoticias.mx\/wp-content\/uploads\/2022\/04\/IMG-20220429-WA0033-768x513.jpg 768w, https:\/\/nvnoticias.mx\/wp-content\/uploads\/2022\/04\/IMG-20220429-WA0033-1536x1025.jpg 1536w, https:\/\/nvnoticias.mx\/wp-content\/uploads\/2022\/04\/IMG-20220429-WA0033.jpg 1600w\" sizes=\"auto, (max-width: 1024px) 100vw, 1024px\" \/><\/figure><\/li><\/ul><\/figure>\n\n\n\n<p>Adem\u00e1s, las ni\u00f1as y los ni\u00f1os disfrutaron de las diversas actividades presentadas, entre ellas videojuegos educativos, loter\u00eda tecnol\u00f3gica, juegos de mesa y el taller de construcci\u00f3n de robots.<\/p>\n\n\n\n<p>Tambi\u00e9n se present\u00f3 el trabajo que se realiza en laboratorio de rob\u00f3tica, el Laboratorio de Innovaci\u00f3n Tecnol\u00f3gica (Labix) y una serie de juegos mediante los que el Sistema de Protecci\u00f3n Integral de Ni\u00f1as, Ni\u00f1os y Adolescentes (Sipinna) promovi\u00f3 los derechos de la infancia.<\/p>\n\n\n\n<p>Asistieron la secretaria ejecutiva del Sipinna Xalapa, Mercy P\u00e9rez Ar\u00e9valo; el director de Gobierno Abierto, \u00c1lvaro Garc\u00eda, el subdirector de Gobierno Electr\u00f3nico, \u00c9dgar Mendoza, y la<br>subdirectora de Planeaci\u00f3n y Evaluaci\u00f3n, Sara Montiel.<\/p>\n","protected":false},"excerpt":{"rendered":"<p>Xalapa, Ver.- Para esta administraci\u00f3n la agenda tecnol\u00f3gica es una prioridad, por lo que con trabajo y la labor que se hace desde la Direcci\u00f3n de Gobierno Abierto se pondr\u00e1n al alcance de la ni\u00f1ez las herramientas de la modernidad, afirm\u00f3 el alcalde Ricardo Ahued Bardahuil durante la inauguraci\u00f3n de la Feria Tecnol\u00f3gica Tecno Kids, [&hellip;]<\/p>\n","protected":false},"author":6,"featured_media":52428,"comment_status":"open","ping_status":"open","sticky":false,"template":"","format":"standard","meta":{"_monsterinsights_skip_tracking":false,"_monsterinsights_sitenote_active":false,"_monsterinsights_sitenote_note":"","_monsterinsights_sitenote_category":0,"footnotes":""},"categories":[156],"tags":[10426,5823],"class_list":["post-52425","post","type-post","status-publish","format-standard","has-post-thumbnail","hentry","category-estado","tag-ayuntamiento-de-xalapa","tag-ninez","wp-image-borders"],"amp_enabled":true,"_links":{"self":[{"href":"https:\/\/nvnoticias.mx\/index.php\/wp-json\/wp\/v2\/posts\/52425","targetHints":{"allow":["GET"]}}],"collection":[{"href":"https:\/\/nvnoticias.mx\/index.php\/wp-json\/wp\/v2\/posts"}],"about":[{"href":"https:\/\/nvnoticias.mx\/index.php\/wp-json\/wp\/v2\/types\/post"}],"author":[{"embeddable":true,"href":"https:\/\/nvnoticias.mx\/index.php\/wp-json\/wp\/v2\/users\/6"}],"replies":[{"embeddable":true,"href":"https:\/\/nvnoticias.mx\/index.php\/wp-json\/wp\/v2\/comments?post=52425"}],"version-history":[{"count":1,"href":"https:\/\/nvnoticias.mx\/index.php\/wp-json\/wp\/v2\/posts\/52425\/revisions"}],"predecessor-version":[{"id":52430,"href":"https:\/\/nvnoticias.mx\/index.php\/wp-json\/wp\/v2\/posts\/52425\/revisions\/52430"}],"wp:featuredmedia":[{"embeddable":true,"href":"https:\/\/nvnoticias.mx\/index.php\/wp-json\/wp\/v2\/media\/52428"}],"wp:attachment":[{"href":"https:\/\/nvnoticias.mx\/index.php\/wp-json\/wp\/v2\/media?parent=52425"}],"wp:term":[{"taxonomy":"category","embeddable":true,"href":"https:\/\/nvnoticias.mx\/index.php\/wp-json\/wp\/v2\/categories?post=52425"},{"taxonomy":"post_tag","embeddable":true,"href":"https:\/\/nvnoticias.mx\/index.php\/wp-json\/wp\/v2\/tags?post=52425"}],"curies":[{"name":"wp","href":"https:\/\/api.w.org\/{rel}","templated":true}]}}