{"id":5238,"date":"2021-02-20T12:54:26","date_gmt":"2021-02-20T18:54:26","guid":{"rendered":"https:\/\/nvnoticias.mx\/?p=5238"},"modified":"2021-02-20T13:00:35","modified_gmt":"2021-02-20T19:00:35","slug":"se-registraron-8-feminicidios-en-la-ultima-semana-en-veracruz","status":"publish","type":"post","link":"https:\/\/nvnoticias.mx\/index.php\/2021\/02\/20\/se-registraron-8-feminicidios-en-la-ultima-semana-en-veracruz\/","title":{"rendered":"Se registraron 8 feminicidios en la \u00faltima semana en Veracruz"},"content":{"rendered":"\n<p><strong>Jes\u00fas Utrilla \/ NV Noticias <\/strong><\/p>\n\n\n\n<p>La violencia en contra de las mujeres en el Estado de Veracruz va aumento, incluso en la \u00faltima semana se registraron 8 feminicidios, denunci\u00f3 Arussi Unda, integrante el colectivo feminista Brujas del Mar.<\/p>\n\n\n\n<p>Record\u00f3 que la entidad veracruzana cuenta con dos alertas de violencia de g\u00e9nero, sin embargo, no existen avances en la prevenci\u00f3n.<\/p>\n\n\n\n<blockquote class=\"wp-block-quote is-layout-flow wp-block-quote-is-layout-flow\"><p>\u201cEs bastante alarmante el actuar de las instituciones y autoridades, solamente en una semana se han registrado 8 feminicidios y no es sorpresa cuando no hay rutas para prevenir y erradicar el problema de violencia en contra de las mujeres en Veracruz\u201d.<\/p><\/blockquote>\n\n\n\n<p>Por otro lado se\u00f1al\u00f3 que apoyan la lucha de las mujeres en contra de la designaci\u00f3n de F\u00e9lix Salgado Macedonio como aspirante a la candidatura de Guerrero, por tener diversas demandas de agresiones en contra de las mujeres.<\/p>\n\n\n\n<blockquote class=\"wp-block-quote is-layout-flow wp-block-quote-is-layout-flow\"><p>\u201cHemos estado apoyando al colectivo nacional feminista que es el colectivo que est\u00e1 accionando en Guerrero y Ciudad de M\u00e9xico en contra de la candidatura de Salgado Macedonio, incluso les hemos prestado nuestras redes sociales que tienen alcance grande, para que se vaya documentando la leg\u00edtima protesta sea respetada\u201d.<\/p><\/blockquote>\n\n\n\n<p>Por \u00faltimo se\u00f1al\u00f3 que la conmemoraci\u00f3n del D\u00eda Internacional de las Mujeres que se realiza el del 8 de marzo ser\u00e1 manera virtual, para evitar aglomeraciones y posibles contagios de Covid-19.<\/p>\n","protected":false},"excerpt":{"rendered":"<p>Jes\u00fas Utrilla \/ NV Noticias La violencia en contra de las mujeres en el Estado de Veracruz va aumento, incluso en la \u00faltima semana se registraron 8 feminicidios, denunci\u00f3 Arussi Unda, integrante el colectivo feminista Brujas del Mar. Record\u00f3 que la entidad veracruzana cuenta con dos alertas de violencia de g\u00e9nero, sin embargo, no existen [&hellip;]<\/p>\n","protected":false},"author":7,"featured_media":5239,"comment_status":"open","ping_status":"open","sticky":false,"template":"","format":"standard","meta":{"_monsterinsights_skip_tracking":false,"_monsterinsights_sitenote_active":false,"_monsterinsights_sitenote_note":"","_monsterinsights_sitenote_category":0,"footnotes":""},"categories":[154],"tags":[1565,1452,1566,202],"class_list":["post-5238","post","type-post","status-publish","format-standard","has-post-thumbnail","hentry","category-veracruz","tag-arussi-unda","tag-brujas-del-mar","tag-estado-de-veracruz","tag-feminicidios","wp-image-borders"],"amp_enabled":true,"_links":{"self":[{"href":"https:\/\/nvnoticias.mx\/index.php\/wp-json\/wp\/v2\/posts\/5238","targetHints":{"allow":["GET"]}}],"collection":[{"href":"https:\/\/nvnoticias.mx\/index.php\/wp-json\/wp\/v2\/posts"}],"about":[{"href":"https:\/\/nvnoticias.mx\/index.php\/wp-json\/wp\/v2\/types\/post"}],"author":[{"embeddable":true,"href":"https:\/\/nvnoticias.mx\/index.php\/wp-json\/wp\/v2\/users\/7"}],"replies":[{"embeddable":true,"href":"https:\/\/nvnoticias.mx\/index.php\/wp-json\/wp\/v2\/comments?post=5238"}],"version-history":[{"count":1,"href":"https:\/\/nvnoticias.mx\/index.php\/wp-json\/wp\/v2\/posts\/5238\/revisions"}],"predecessor-version":[{"id":5240,"href":"https:\/\/nvnoticias.mx\/index.php\/wp-json\/wp\/v2\/posts\/5238\/revisions\/5240"}],"wp:featuredmedia":[{"embeddable":true,"href":"https:\/\/nvnoticias.mx\/index.php\/wp-json\/wp\/v2\/media\/5239"}],"wp:attachment":[{"href":"https:\/\/nvnoticias.mx\/index.php\/wp-json\/wp\/v2\/media?parent=5238"}],"wp:term":[{"taxonomy":"category","embeddable":true,"href":"https:\/\/nvnoticias.mx\/index.php\/wp-json\/wp\/v2\/categories?post=5238"},{"taxonomy":"post_tag","embeddable":true,"href":"https:\/\/nvnoticias.mx\/index.php\/wp-json\/wp\/v2\/tags?post=5238"}],"curies":[{"name":"wp","href":"https:\/\/api.w.org\/{rel}","templated":true}]}}