{"id":52336,"date":"2022-04-29T11:57:47","date_gmt":"2022-04-29T16:57:47","guid":{"rendered":"https:\/\/nvnoticias.mx\/?p=52336"},"modified":"2022-04-29T11:57:48","modified_gmt":"2022-04-29T16:57:48","slug":"este-ano-es-el-segundo-mas-seco-para-veracruz-desde-1981","status":"publish","type":"post","link":"https:\/\/nvnoticias.mx\/index.php\/2022\/04\/29\/este-ano-es-el-segundo-mas-seco-para-veracruz-desde-1981\/","title":{"rendered":"Este a\u00f1o es el segundo m\u00e1s seco para Veracruz desde 1981"},"content":{"rendered":"\n<p><strong>Sam Ojeda\u00a0\/ NV Noticias<\/strong><\/p>\n\n\n\n<p>Xalapa.- La jefa de Hidrometeorolog\u00eda del organismo Cuenca-Golfo de la Comisi\u00f3n Nacional del Agua (Conagua), Jessica Luna Laguna, indic\u00f3 que este a\u00f1o es el segundo m\u00e1s seco para Veracruz desde 1981.\u00a0<\/p>\n\n\n\n<blockquote class=\"wp-block-quote is-layout-flow wp-block-quote-is-layout-flow\"><p>\u201c<em>Vemos que en estos \u00faltimos d\u00edas a pesar de que tuvimos vaguadas importantes seguimos todav\u00eda como el segundo a\u00f1o m\u00e1s seco desde 1981<\/em>\u201d.<\/p><\/blockquote>\n\n\n\n<p>Hasta abril ha llovido el 62 por ciento de lo que se promedia para Veracruz, con una lluvia acumulada de 178 mil\u00edmetros.<\/p>\n\n\n\n<p>Es decir, a pesar de que se registraron lluvias importantes se mantiene como el segundo a\u00f1o m\u00e1s seco.\u00a0<\/p>\n\n\n\n<p>Agreg\u00f3 que esto ha tenido un impacto en los niveles de r\u00edos pues varios contin\u00faan por debajo del promedio; en la zona centro en la cuenca de La Antigua, Jamapa y Cotaxtla no hubo lluvias importantes y ante esta situaci\u00f3n los niveles siguen bajando.<\/p>\n\n\n\n<p>El r\u00edo que presenta una mayor disminuci\u00f3n es La Antigua a la altura de Cardel con 74 cent\u00edmetros por debajo de lo normal; el\u00a0 r\u00edo Actopan a la altura de \u00cddolos tiene 56 cent\u00edmetros por debajo de la media.<\/p>\n\n\n\n<p>Alert\u00f3 porque no se esperan lluvias en los pr\u00f3ximos d\u00edas, por lo que mayo iniciar\u00e1 con un d\u00e9ficit de lluvias. A esto se suman las altas temperaturas que se registran en el estado.\u00a0<\/p>\n","protected":false},"excerpt":{"rendered":"<p>Sam Ojeda\u00a0\/ NV Noticias Xalapa.- La jefa de Hidrometeorolog\u00eda del organismo Cuenca-Golfo de la Comisi\u00f3n Nacional del Agua (Conagua), Jessica Luna Laguna, indic\u00f3 que este a\u00f1o es el segundo m\u00e1s seco para Veracruz desde 1981.\u00a0 \u201cVemos que en estos \u00faltimos d\u00edas a pesar de que tuvimos vaguadas importantes seguimos todav\u00eda como el segundo a\u00f1o m\u00e1s [&hellip;]<\/p>\n","protected":false},"author":8,"featured_media":52337,"comment_status":"open","ping_status":"open","sticky":false,"template":"","format":"standard","meta":{"_monsterinsights_skip_tracking":false,"_monsterinsights_sitenote_active":false,"_monsterinsights_sitenote_note":"","_monsterinsights_sitenote_category":0,"footnotes":""},"categories":[156],"tags":[1576,180],"class_list":["post-52336","post","type-post","status-publish","format-standard","has-post-thumbnail","hentry","category-estado","tag-conagua","tag-veracruz","wp-image-borders"],"amp_enabled":true,"_links":{"self":[{"href":"https:\/\/nvnoticias.mx\/index.php\/wp-json\/wp\/v2\/posts\/52336","targetHints":{"allow":["GET"]}}],"collection":[{"href":"https:\/\/nvnoticias.mx\/index.php\/wp-json\/wp\/v2\/posts"}],"about":[{"href":"https:\/\/nvnoticias.mx\/index.php\/wp-json\/wp\/v2\/types\/post"}],"author":[{"embeddable":true,"href":"https:\/\/nvnoticias.mx\/index.php\/wp-json\/wp\/v2\/users\/8"}],"replies":[{"embeddable":true,"href":"https:\/\/nvnoticias.mx\/index.php\/wp-json\/wp\/v2\/comments?post=52336"}],"version-history":[{"count":1,"href":"https:\/\/nvnoticias.mx\/index.php\/wp-json\/wp\/v2\/posts\/52336\/revisions"}],"predecessor-version":[{"id":52338,"href":"https:\/\/nvnoticias.mx\/index.php\/wp-json\/wp\/v2\/posts\/52336\/revisions\/52338"}],"wp:featuredmedia":[{"embeddable":true,"href":"https:\/\/nvnoticias.mx\/index.php\/wp-json\/wp\/v2\/media\/52337"}],"wp:attachment":[{"href":"https:\/\/nvnoticias.mx\/index.php\/wp-json\/wp\/v2\/media?parent=52336"}],"wp:term":[{"taxonomy":"category","embeddable":true,"href":"https:\/\/nvnoticias.mx\/index.php\/wp-json\/wp\/v2\/categories?post=52336"},{"taxonomy":"post_tag","embeddable":true,"href":"https:\/\/nvnoticias.mx\/index.php\/wp-json\/wp\/v2\/tags?post=52336"}],"curies":[{"name":"wp","href":"https:\/\/api.w.org\/{rel}","templated":true}]}}