{"id":52305,"date":"2022-04-29T09:07:09","date_gmt":"2022-04-29T14:07:09","guid":{"rendered":"https:\/\/nvnoticias.mx\/?p=52305"},"modified":"2022-04-29T10:34:40","modified_gmt":"2022-04-29T15:34:40","slug":"economia-mexicana-regresa-al-crecimiento-sube-0-9","status":"publish","type":"post","link":"https:\/\/nvnoticias.mx\/index.php\/2022\/04\/29\/economia-mexicana-regresa-al-crecimiento-sube-0-9\/","title":{"rendered":"Econom\u00eda mexicana regresa al crecimiento; sube 0.9%"},"content":{"rendered":"\n<p>La econom\u00eda de M\u00e9xico regres\u00f3 al crecimiento en los primeros tres meses de 2022 despu\u00e9s de estancarse en el \u00faltimo semestre de 2021, expandi\u00e9ndose levemente menos de lo esperado en medio de una s\u00f3lida demanda estadounidense de productos manufacturados.<\/p>\n\n\n\n<p>El Producto Interno Bruto avanz\u00f3 0.9 por ciento en el primer trimestre con respecto al trimestre anterior, de acuerdo con la estimaci\u00f3n oportuna publicada este viernes por el Instituto Nacional de Estad\u00edstica y Geograf\u00eda (Inegi). La estimaci\u00f3n mediana de analistas encuestados por Bloomberg era de 1.1 por ciento.<\/p>\n\n\n\n<p>La econom\u00eda evit\u00f3 por poco una recesi\u00f3n en el segundo semestre del a\u00f1o pasado.<\/p>\n\n\n\n<p>A tasa anual, la segunda econom\u00eda m\u00e1s grande de Am\u00e9rica Latina creci\u00f3 1.6 por ciento entre enero y marzo, igualando las estimaciones.<\/p>\n\n\n\n<p>El resultado de M\u00e9xico se produce despu\u00e9s de que la econom\u00eda de Estados Unidos cay\u00f3 por primera vez desde 2020 en el mismo per\u00edodo, con un retroceso del PIB a una tasa anualizada de 1.4 por ciento, de acuerdo con datos publicados el jueves.<\/p>\n\n\n\n<p>M\u00e9xico logr\u00f3 crecer mientras que EU se contrajo debido en parte a su d\u00e9ficit comercial, dijo Gabriela Siller, directora de an\u00e1lisis econ\u00f3mico de Grupo Financiero BASE.<\/p>\n\n\n\n<p>EU \u201cimport\u00f3 m\u00e1s de lo que export\u00f3 y, \u00bfde d\u00f3nde importa? Una buena parte, de M\u00e9xico\u201d, se\u00f1al\u00f3 Siller.<\/p>\n\n\n\n<p>Fuente: <a href=\"https:\/\/www.elfinanciero.com.mx\/bloomberg\/2022\/04\/29\/economia-de-mexico-regresa-al-crecimiento-sube-09-en-primer-trimestre\/\">El Financiero<\/a><\/p>\n","protected":false},"excerpt":{"rendered":"<p>La econom\u00eda de M\u00e9xico regres\u00f3 al crecimiento en los primeros tres meses de 2022 despu\u00e9s de estancarse en el \u00faltimo semestre de 2021, expandi\u00e9ndose levemente menos de lo esperado en medio de una s\u00f3lida demanda estadounidense de productos manufacturados. El Producto Interno Bruto avanz\u00f3 0.9 por ciento en el primer trimestre con respecto al trimestre [&hellip;]<\/p>\n","protected":false},"author":6,"featured_media":47814,"comment_status":"open","ping_status":"open","sticky":false,"template":"","format":"standard","meta":{"_monsterinsights_skip_tracking":false,"_monsterinsights_sitenote_active":false,"_monsterinsights_sitenote_note":"","_monsterinsights_sitenote_category":0,"footnotes":""},"categories":[157],"tags":[384,926,162],"class_list":["post-52305","post","type-post","status-publish","format-standard","has-post-thumbnail","hentry","category-nacional","tag-economia","tag-mexicana","tag-portada","wp-image-borders"],"amp_enabled":true,"_links":{"self":[{"href":"https:\/\/nvnoticias.mx\/index.php\/wp-json\/wp\/v2\/posts\/52305","targetHints":{"allow":["GET"]}}],"collection":[{"href":"https:\/\/nvnoticias.mx\/index.php\/wp-json\/wp\/v2\/posts"}],"about":[{"href":"https:\/\/nvnoticias.mx\/index.php\/wp-json\/wp\/v2\/types\/post"}],"author":[{"embeddable":true,"href":"https:\/\/nvnoticias.mx\/index.php\/wp-json\/wp\/v2\/users\/6"}],"replies":[{"embeddable":true,"href":"https:\/\/nvnoticias.mx\/index.php\/wp-json\/wp\/v2\/comments?post=52305"}],"version-history":[{"count":2,"href":"https:\/\/nvnoticias.mx\/index.php\/wp-json\/wp\/v2\/posts\/52305\/revisions"}],"predecessor-version":[{"id":52328,"href":"https:\/\/nvnoticias.mx\/index.php\/wp-json\/wp\/v2\/posts\/52305\/revisions\/52328"}],"wp:featuredmedia":[{"embeddable":true,"href":"https:\/\/nvnoticias.mx\/index.php\/wp-json\/wp\/v2\/media\/47814"}],"wp:attachment":[{"href":"https:\/\/nvnoticias.mx\/index.php\/wp-json\/wp\/v2\/media?parent=52305"}],"wp:term":[{"taxonomy":"category","embeddable":true,"href":"https:\/\/nvnoticias.mx\/index.php\/wp-json\/wp\/v2\/categories?post=52305"},{"taxonomy":"post_tag","embeddable":true,"href":"https:\/\/nvnoticias.mx\/index.php\/wp-json\/wp\/v2\/tags?post=52305"}],"curies":[{"name":"wp","href":"https:\/\/api.w.org\/{rel}","templated":true}]}}