{"id":52275,"date":"2022-04-28T16:15:15","date_gmt":"2022-04-28T21:15:15","guid":{"rendered":"https:\/\/nvnoticias.mx\/?p=52275"},"modified":"2022-04-28T16:15:17","modified_gmt":"2022-04-28T21:15:17","slug":"inician-protesta-pacientes-con-vih-exigiendo-abastecimiento-de-medicamentos-en-el-imss","status":"publish","type":"post","link":"https:\/\/nvnoticias.mx\/index.php\/2022\/04\/28\/inician-protesta-pacientes-con-vih-exigiendo-abastecimiento-de-medicamentos-en-el-imss\/","title":{"rendered":"Inician protesta pacientes con VIH exigiendo abastecimiento de medicamentos en el IMSS"},"content":{"rendered":"\n<p>Carlos Adri\u00e1n L\u00f3pez Ibarra, integrante del Observatorio Nacional de Cr\u00edmenes de Odio, lleg\u00f3 desde antes de las 8:00 de la ma\u00f1ana a las afueras de la Cl\u00ednica No. 1 del Instituto Mexicano del Seguro Social (IMSS) en Pachuca para reunirse con representantes de Servicios de Inclusi\u00f3n Integral y Derechos Humanos A. C. (Seiinac), Di Ramona, Marea Verde Hidalgo, RedVIHve y la Red por la Inclusi\u00f3n Sexogenerica, y as\u00ed iniciar una protesta para exigir el abastecimiento de antirretrovirales frente a la instituci\u00f3n y cerrando, de forma parcial la avenida Madero. <\/p>\n\n\n\n<p>Con pancartas que llamaban al apoyo ciudadano para abastecer el medicamento, poco fue el que recibieron de conductores y choferes de transporte p\u00fablico que insultaron con palabras discriminatorias a los participantes que alzaban a\u00fan m\u00e1s alto el cartel en el que se le\u00eda:  &#8220;El VIH no mata, la negligencia del estado y el estigma social, s\u00ed&#8221;. <\/p>\n\n\n\n<p>Esta fue la consigna de la protesta ante la falta de suministro de medicamento para su tratamiento de VIH que debe ofrecer el IMSS en Pachuca, en donde pacientes adscritos al instituto de todo el estado deber\u00edan adquirir su medicamento &#8220;y resulta que no hay&#8221;. <\/p>\n\n\n\n<blockquote class=\"wp-block-quote is-layout-flow wp-block-quote-is-layout-flow\"><p>\u201cLas personas que vivimos con VIH, por este tema de la discriminaci\u00f3n, del estigma, no se habla p\u00fablicamente de que les hace falta medicamento porque es algo de lo que no quieren hablar. \u00a0La Organizaci\u00f3n Mundial de la Salud (OMS) indica que las personas que vivimos con VIH no debemos pasar m\u00e1s de tres d\u00edas sin consumir nuestro tratamiento, esto porque puede generar que el virus mute, se vuelva resistente al tratamiento y los medicamentos dejen de ser efectivos, entonces los medicamentos, al dejar de ser efectivos, ponen en riesgo nuestra salud\u201d, indic\u00f3 L\u00f3pez Ibarra. <\/p><\/blockquote>\n\n\n\n<p>Fuente: <a href=\"https:\/\/www.milenio.com\/sociedad\/exigen-pacientes-vih-abastecimiento-medicamentos-imss\" data-type=\"URL\" data-id=\"https:\/\/www.milenio.com\/sociedad\/exigen-pacientes-vih-abastecimiento-medicamentos-imss\">Milenio<\/a><\/p>\n","protected":false},"excerpt":{"rendered":"<p>Carlos Adri\u00e1n L\u00f3pez Ibarra, integrante del Observatorio Nacional de Cr\u00edmenes de Odio, lleg\u00f3 desde antes de las 8:00 de la ma\u00f1ana a las afueras de la Cl\u00ednica No. 1 del Instituto Mexicano del Seguro Social (IMSS) en Pachuca para reunirse con representantes de Servicios de Inclusi\u00f3n Integral y Derechos Humanos A. C. (Seiinac), Di Ramona, [&hellip;]<\/p>\n","protected":false},"author":35,"featured_media":23130,"comment_status":"open","ping_status":"open","sticky":false,"template":"","format":"standard","meta":{"_monsterinsights_skip_tracking":false,"_monsterinsights_sitenote_active":false,"_monsterinsights_sitenote_note":"","_monsterinsights_sitenote_category":0,"footnotes":""},"categories":[157],"tags":[5363,14136,365,10231,3971,1882,3492,313],"class_list":["post-52275","post","type-post","status-publish","format-standard","has-post-thumbnail","hentry","category-nacional","tag-abastecimiento","tag-exigiendo","tag-imss","tag-inician","tag-medicamentos","tag-pacientes","tag-protesta","tag-vih","wp-image-borders"],"amp_enabled":true,"_links":{"self":[{"href":"https:\/\/nvnoticias.mx\/index.php\/wp-json\/wp\/v2\/posts\/52275","targetHints":{"allow":["GET"]}}],"collection":[{"href":"https:\/\/nvnoticias.mx\/index.php\/wp-json\/wp\/v2\/posts"}],"about":[{"href":"https:\/\/nvnoticias.mx\/index.php\/wp-json\/wp\/v2\/types\/post"}],"author":[{"embeddable":true,"href":"https:\/\/nvnoticias.mx\/index.php\/wp-json\/wp\/v2\/users\/35"}],"replies":[{"embeddable":true,"href":"https:\/\/nvnoticias.mx\/index.php\/wp-json\/wp\/v2\/comments?post=52275"}],"version-history":[{"count":1,"href":"https:\/\/nvnoticias.mx\/index.php\/wp-json\/wp\/v2\/posts\/52275\/revisions"}],"predecessor-version":[{"id":52276,"href":"https:\/\/nvnoticias.mx\/index.php\/wp-json\/wp\/v2\/posts\/52275\/revisions\/52276"}],"wp:featuredmedia":[{"embeddable":true,"href":"https:\/\/nvnoticias.mx\/index.php\/wp-json\/wp\/v2\/media\/23130"}],"wp:attachment":[{"href":"https:\/\/nvnoticias.mx\/index.php\/wp-json\/wp\/v2\/media?parent=52275"}],"wp:term":[{"taxonomy":"category","embeddable":true,"href":"https:\/\/nvnoticias.mx\/index.php\/wp-json\/wp\/v2\/categories?post=52275"},{"taxonomy":"post_tag","embeddable":true,"href":"https:\/\/nvnoticias.mx\/index.php\/wp-json\/wp\/v2\/tags?post=52275"}],"curies":[{"name":"wp","href":"https:\/\/api.w.org\/{rel}","templated":true}]}}