{"id":52219,"date":"2022-04-28T12:07:57","date_gmt":"2022-04-28T17:07:57","guid":{"rendered":"https:\/\/nvnoticias.mx\/?p=52219"},"modified":"2022-04-28T12:07:58","modified_gmt":"2022-04-28T17:07:58","slug":"encuentran-fosas-clandestinas-en-veracruz","status":"publish","type":"post","link":"https:\/\/nvnoticias.mx\/index.php\/2022\/04\/28\/encuentran-fosas-clandestinas-en-veracruz\/","title":{"rendered":"Encuentran fosas clandestinas en Veracruz"},"content":{"rendered":"\n<p>La Fiscal\u00eda General del Estado de Veracruz inform\u00f3 que fueron detenidas nueve personas, cuatro mujeres y cinco hombres, adem\u00e1s de que se hallaron fosas clandestinas. <\/p>\n\n\n\n<p>Las autoridades no especificaron el n\u00famero de fosas ni cuerpos que se encontraron en ellas, pero indicaron que las detenciones ocurrieron en los municipios de Jamapa y Medell\u00edn de Bravo. <\/p>\n\n\n\n<p>Adem\u00e1s de los detenidos, fueron aseguradas armas y drogas, as\u00ed como equipo t\u00e1ctico y chalecos son siglas de un grupo delictivo.<\/p>\n\n\n\n<p> La fiscal\u00eda inform\u00f3 que la Unidad Especializada en Combate (UECS) al Secuestro realiz\u00f3, desde el 19 de abril, diversos cateos en los municipios vecinos de Veracruz En la realizaci\u00f3n de los operativos, los elementos de la UECS contaron con apoyo perimetral de la polic\u00eda ministerial, Ej\u00e9rcito y Guardia Nacional. <\/p>\n\n\n\n<p>Durante los trabajos ocurrieron otros delitos, donde fueron intervenidos nueve presuntos delincuentes que agred\u00edan a elementos de seguridad. Las personas fueron presentadas ante el juez de control. Se aseguraron los siguientes objetos: ocho armas largas, una granada de fragmentaci\u00f3n, equipo t\u00e1ctico como playeras operativas, chalecos antibalas, cascos operativos, insignias Cartel Jalisco Nueva Generaci\u00f3n, equipos de radiocomunicaci\u00f3n, droga, utensilios punzocortantes y una camioneta. <\/p>\n\n\n\n<p>Los nueve detenidos fueron vinculados a procesos dentro de la carpeta 110\/2022 por los delitos de tentativa de homicidio, delito contra las instituciones de seguridad p\u00fablica, en agravio de elementos de la polic\u00eda ministerial, y narcomenudeo. <\/p>\n\n\n\n<p>Los detenidos son Mauri Nayeli &#8216;N&#8217;, Marlene &#8216;N&#8217;, Viridiana &#8216;N&#8217;, Octavio &#8216;N&#8217;, Rebeca &#8216;N&#8217;, Jos\u00e9 Fernando &#8216;N&#8217;, Francisco Fabi\u00e1n &#8216;N&#8217;, Ram\u00f3n &#8216;N&#8217; y Pablo &#8216;N&#8217;. A los nueve vinculados a proceso les fue impuesta la medida cautelar de un a\u00f1o de prisi\u00f3n preventiva oficiosa, otorg\u00e1ndose tres meses de investigaci\u00f3n complementaria. <\/p>\n\n\n\n<p>La dependencia estatal indic\u00f3 que, tras las detenciones y siguiendo la investigaci\u00f3n, se detectaron diversos puntos en los que se encuentran cuerpos de personas inhumadas, por ello, se cuenta con autorizaci\u00f3n judicial de diligencia controlada de exhumaci\u00f3n, misma que fue otorgada conforme a derecho. <\/p>\n\n\n\n<blockquote class=\"wp-block-quote is-layout-flow wp-block-quote-is-layout-flow\"><p>&#8220;Atendiendo al principio de participaci\u00f3n conjunta se iniciar\u00e1n los trabajos de recuperaci\u00f3n, donde participar\u00e1n la Comisi\u00f3n Estatal de B\u00fasqueda, Comisi\u00f3n Estatal de Derechos Humanos, Comisi\u00f3n Ejecutiva Estatal de Atenci\u00f3n Integral a V\u00edctimas y Colectivos de B\u00fasqueda de Personas Desaparecidas&#8221;. <\/p><\/blockquote>\n\n\n\n<p>La Fiscal\u00eda General del Estado no precis\u00f3 en cu\u00e1l de los municipios se encuentran las fosas, ni cuantos son los cuerpos que podr\u00edan haber en ellas. <\/p>\n\n\n\n<p>Fuente:<em><a href=\"https:\/\/www.milenio.com\/estados\/veracruz-detienen-nueve-hallan-fosas-clandestinas\" data-type=\"URL\" data-id=\"https:\/\/www.milenio.com\/estados\/veracruz-detienen-nueve-hallan-fosas-clandestinas\"> Milenio<\/a><\/em><\/p>\n","protected":false},"excerpt":{"rendered":"<p>La Fiscal\u00eda General del Estado de Veracruz inform\u00f3 que fueron detenidas nueve personas, cuatro mujeres y cinco hombres, adem\u00e1s de que se hallaron fosas clandestinas. Las autoridades no especificaron el n\u00famero de fosas ni cuerpos que se encontraron en ellas, pero indicaron que las detenciones ocurrieron en los municipios de Jamapa y Medell\u00edn de Bravo. [&hellip;]<\/p>\n","protected":false},"author":35,"featured_media":7859,"comment_status":"open","ping_status":"open","sticky":false,"template":"","format":"standard","meta":{"_monsterinsights_skip_tracking":false,"_monsterinsights_sitenote_active":false,"_monsterinsights_sitenote_note":"","_monsterinsights_sitenote_category":0,"footnotes":""},"categories":[154],"tags":[14106,10558,295,180],"class_list":["post-52219","post","type-post","status-publish","format-standard","has-post-thumbnail","hentry","category-veracruz","tag-clandestinas","tag-encuentran","tag-fosas","tag-veracruz","wp-image-borders"],"amp_enabled":true,"_links":{"self":[{"href":"https:\/\/nvnoticias.mx\/index.php\/wp-json\/wp\/v2\/posts\/52219","targetHints":{"allow":["GET"]}}],"collection":[{"href":"https:\/\/nvnoticias.mx\/index.php\/wp-json\/wp\/v2\/posts"}],"about":[{"href":"https:\/\/nvnoticias.mx\/index.php\/wp-json\/wp\/v2\/types\/post"}],"author":[{"embeddable":true,"href":"https:\/\/nvnoticias.mx\/index.php\/wp-json\/wp\/v2\/users\/35"}],"replies":[{"embeddable":true,"href":"https:\/\/nvnoticias.mx\/index.php\/wp-json\/wp\/v2\/comments?post=52219"}],"version-history":[{"count":1,"href":"https:\/\/nvnoticias.mx\/index.php\/wp-json\/wp\/v2\/posts\/52219\/revisions"}],"predecessor-version":[{"id":52220,"href":"https:\/\/nvnoticias.mx\/index.php\/wp-json\/wp\/v2\/posts\/52219\/revisions\/52220"}],"wp:featuredmedia":[{"embeddable":true,"href":"https:\/\/nvnoticias.mx\/index.php\/wp-json\/wp\/v2\/media\/7859"}],"wp:attachment":[{"href":"https:\/\/nvnoticias.mx\/index.php\/wp-json\/wp\/v2\/media?parent=52219"}],"wp:term":[{"taxonomy":"category","embeddable":true,"href":"https:\/\/nvnoticias.mx\/index.php\/wp-json\/wp\/v2\/categories?post=52219"},{"taxonomy":"post_tag","embeddable":true,"href":"https:\/\/nvnoticias.mx\/index.php\/wp-json\/wp\/v2\/tags?post=52219"}],"curies":[{"name":"wp","href":"https:\/\/api.w.org\/{rel}","templated":true}]}}