{"id":52213,"date":"2022-04-28T11:45:56","date_gmt":"2022-04-28T16:45:56","guid":{"rendered":"https:\/\/nvnoticias.mx\/?p=52213"},"modified":"2022-04-28T11:45:58","modified_gmt":"2022-04-28T16:45:58","slug":"recibira-amlo-en-palacio-nacional-a-presidente-de-la-fifa","status":"publish","type":"post","link":"https:\/\/nvnoticias.mx\/index.php\/2022\/04\/28\/recibira-amlo-en-palacio-nacional-a-presidente-de-la-fifa\/","title":{"rendered":"Recibir\u00e1 AMLO en Palacio Nacional a presidente de la FIFA"},"content":{"rendered":"\n<p>A mediod\u00eda de este jueves, el presidente\u00a0<strong>Andr\u00e9s Manuel L\u00f3pez Obrador<\/strong>\u00a0recibir\u00e1 en\u00a0<strong>Palacio Nacional<\/strong>\u00a0a\u00a0<strong>Gianni Infantino<\/strong>,\u00a0<strong>presidente de la FIFA<\/strong>, quien realiza una visita a nuestro pa\u00eds como parte del proceso rumbo al\u00a0<strong>Mundial de 2026<\/strong>\u00a0donde\u00a0<strong>M\u00e9xico<\/strong>\u00a0ser\u00e1 sede junto a\u00a0<strong>Estados Unidos<\/strong>\u00a0y\u00a0<strong>Canad\u00e1<\/strong>.<\/p>\n\n\n\n<p>En conferencia de prensa matutina, el titular del&nbsp;<strong>Ejecutivo Federal<\/strong>&nbsp;indic\u00f3 que su reuni\u00f3n con&nbsp;<strong>Gianni Infantino<\/strong>&nbsp;ser\u00e1 despu\u00e9s de que encabecela&nbsp;<strong>125 Asamblea General Ordinaria del Infonavit<\/strong>&nbsp;en el&nbsp;<strong>Patio Central de Palacio Nacional<\/strong>. &#8220;Creo que como a las 11:30&#8230; ah no, despu\u00e9s de esi (de la Asamblea del Infonavit)&#8221;, respondi\u00f3 antes de retirarse de la conferencia ma\u00f1anera.<\/p>\n\n\n\n<p>Ayer,&nbsp;<strong>Maximiliano Reyes Z\u00fa\u00f1iga<\/strong>&nbsp;subsecretario para&nbsp;<strong>Am\u00e9rica Latina<\/strong>&nbsp;y el&nbsp;<strong>Caribe<\/strong>, fue el encargado de darle la bienvenida a Infantino en el aeropuerto de la&nbsp;<strong>Ciudad de M\u00e9xico<\/strong>. Ambos procedieron a reunirse con el presidente de la&nbsp;<strong>Federaci\u00f3n Mexicana de Futbol (FMF<\/strong>),&nbsp;<strong>Yon de Luisa<\/strong>.<\/p>\n\n\n\n<p>La\u00a0<strong>FMF<\/strong>\u00a0detall\u00f3 que la visita de\u00a0<strong>Gianni<\/strong>\u00a0es parte del proceso rumbo al\u00a0<strong>Mundial de 2026<\/strong>\u00a0donde\u00a0<strong>M\u00e9xico<\/strong>\u00a0ser\u00e1 sede junto a\u00a0<strong>Estados Unidos<\/strong>\u00a0y\u00a0<strong>Canad\u00e1<\/strong>.<\/p>\n\n\n\n<p>Fuente: <a href=\"https:\/\/www.eluniversal.com.mx\/universal-deportes\/futbol\/amlo-recibira-en-palacio-nacional-gianni-infantino-presidente-de-la-fifa\" data-type=\"URL\" data-id=\"https:\/\/www.eluniversal.com.mx\/universal-deportes\/futbol\/amlo-recibira-en-palacio-nacional-gianni-infantino-presidente-de-la-fifa\">El Universal<\/a><\/p>\n","protected":false},"excerpt":{"rendered":"<p>A mediod\u00eda de este jueves, el presidente\u00a0Andr\u00e9s Manuel L\u00f3pez Obrador\u00a0recibir\u00e1 en\u00a0Palacio Nacional\u00a0a\u00a0Gianni Infantino,\u00a0presidente de la FIFA, quien realiza una visita a nuestro pa\u00eds como parte del proceso rumbo al\u00a0Mundial de 2026\u00a0donde\u00a0M\u00e9xico\u00a0ser\u00e1 sede junto a\u00a0Estados Unidos\u00a0y\u00a0Canad\u00e1. En conferencia de prensa matutina, el titular del&nbsp;Ejecutivo Federal&nbsp;indic\u00f3 que su reuni\u00f3n con&nbsp;Gianni Infantino&nbsp;ser\u00e1 despu\u00e9s de que encabecela&nbsp;125 Asamblea General [&hellip;]<\/p>\n","protected":false},"author":35,"featured_media":13745,"comment_status":"open","ping_status":"open","sticky":false,"template":"","format":"standard","meta":{"_monsterinsights_skip_tracking":false,"_monsterinsights_sitenote_active":false,"_monsterinsights_sitenote_note":"","_monsterinsights_sitenote_category":0,"footnotes":""},"categories":[157],"tags":[188,3099,1057,411,11854],"class_list":["post-52213","post","type-post","status-publish","format-standard","has-post-thumbnail","hentry","category-nacional","tag-amlo","tag-fifa","tag-palacio-nacional","tag-presidente","tag-recibira","wp-image-borders"],"amp_enabled":true,"_links":{"self":[{"href":"https:\/\/nvnoticias.mx\/index.php\/wp-json\/wp\/v2\/posts\/52213","targetHints":{"allow":["GET"]}}],"collection":[{"href":"https:\/\/nvnoticias.mx\/index.php\/wp-json\/wp\/v2\/posts"}],"about":[{"href":"https:\/\/nvnoticias.mx\/index.php\/wp-json\/wp\/v2\/types\/post"}],"author":[{"embeddable":true,"href":"https:\/\/nvnoticias.mx\/index.php\/wp-json\/wp\/v2\/users\/35"}],"replies":[{"embeddable":true,"href":"https:\/\/nvnoticias.mx\/index.php\/wp-json\/wp\/v2\/comments?post=52213"}],"version-history":[{"count":1,"href":"https:\/\/nvnoticias.mx\/index.php\/wp-json\/wp\/v2\/posts\/52213\/revisions"}],"predecessor-version":[{"id":52214,"href":"https:\/\/nvnoticias.mx\/index.php\/wp-json\/wp\/v2\/posts\/52213\/revisions\/52214"}],"wp:featuredmedia":[{"embeddable":true,"href":"https:\/\/nvnoticias.mx\/index.php\/wp-json\/wp\/v2\/media\/13745"}],"wp:attachment":[{"href":"https:\/\/nvnoticias.mx\/index.php\/wp-json\/wp\/v2\/media?parent=52213"}],"wp:term":[{"taxonomy":"category","embeddable":true,"href":"https:\/\/nvnoticias.mx\/index.php\/wp-json\/wp\/v2\/categories?post=52213"},{"taxonomy":"post_tag","embeddable":true,"href":"https:\/\/nvnoticias.mx\/index.php\/wp-json\/wp\/v2\/tags?post=52213"}],"curies":[{"name":"wp","href":"https:\/\/api.w.org\/{rel}","templated":true}]}}