{"id":52207,"date":"2022-04-28T11:02:34","date_gmt":"2022-04-28T16:02:34","guid":{"rendered":"https:\/\/nvnoticias.mx\/?p=52207"},"modified":"2022-04-28T11:02:35","modified_gmt":"2022-04-28T16:02:35","slug":"comercios-inician-retiro-de-filtros-sanitarios-tras-dos-anos-de-pandemia","status":"publish","type":"post","link":"https:\/\/nvnoticias.mx\/index.php\/2022\/04\/28\/comercios-inician-retiro-de-filtros-sanitarios-tras-dos-anos-de-pandemia\/","title":{"rendered":"Comercios inician retiro de filtros sanitarios tras dos a\u00f1os de pandemia"},"content":{"rendered":"\n<p><strong>Sam Ojeda\u00a0| NV Noticias<\/strong><\/p>\n\n\n\n<p>Xalapa.- Con la disminuci\u00f3n de contagios por covid-19 y el anuncio del Gobierno federal de que la enfermedad pas\u00f3 a una fase end\u00e9mica, comercios en la capital del estado han comenzado a retirar sus filtros sanitarios.\u00a0<\/p>\n\n\n\n<p>Incluso en supermercados como Soriana ya fueron retirados los filtros donde se tomaba la temperatura antes de entrar a sus instalaciones, tambi\u00e9n retiraron dispensadores de gel antibacterial y toallas desinfectantes. \u00a0<\/p>\n\n\n\n<p>Adem\u00e1s, los empleados ya no usan caretas protectoras debido a que la gerencia les instruy\u00f3 estas nuevas medidas, aunque mantienen el uso obligatorio del cubrebocas tanto para ellos como para los clientes.\u00a0<\/p>\n\n\n\n<p>Estas nuevas disposiciones se dan luego de que el subsecretario de Salud, Hugo L\u00f3pez-Gatell declarara que el uso del cubrebocas ya no era \u201cimprescindible\u201d en lugares abiertos y solo podr\u00eda ser \u00fatil en espacios cerrados.<\/p>\n\n\n\n<p>Sin embargo, en esta tienda algunos clientes se quejaron al se\u00f1alar que si bien hay menos casos de covid-19 no se deben relajar las medidas porque la enfermedad sigue presente. \u00a0<\/p>\n","protected":false},"excerpt":{"rendered":"<p>Sam Ojeda\u00a0| NV Noticias Xalapa.- Con la disminuci\u00f3n de contagios por covid-19 y el anuncio del Gobierno federal de que la enfermedad pas\u00f3 a una fase end\u00e9mica, comercios en la capital del estado han comenzado a retirar sus filtros sanitarios.\u00a0 Incluso en supermercados como Soriana ya fueron retirados los filtros donde se tomaba la temperatura [&hellip;]<\/p>\n","protected":false},"author":35,"featured_media":18748,"comment_status":"open","ping_status":"open","sticky":false,"template":"","format":"standard","meta":{"_monsterinsights_skip_tracking":false,"_monsterinsights_sitenote_active":false,"_monsterinsights_sitenote_note":"","_monsterinsights_sitenote_category":0,"footnotes":""},"categories":[156],"tags":[590,5689,10231,318,5593],"class_list":["post-52207","post","type-post","status-publish","format-standard","has-post-thumbnail","hentry","category-estado","tag-comercios","tag-filtros-sanitarios","tag-inician","tag-pandemia","tag-retiro","wp-image-borders"],"amp_enabled":true,"_links":{"self":[{"href":"https:\/\/nvnoticias.mx\/index.php\/wp-json\/wp\/v2\/posts\/52207","targetHints":{"allow":["GET"]}}],"collection":[{"href":"https:\/\/nvnoticias.mx\/index.php\/wp-json\/wp\/v2\/posts"}],"about":[{"href":"https:\/\/nvnoticias.mx\/index.php\/wp-json\/wp\/v2\/types\/post"}],"author":[{"embeddable":true,"href":"https:\/\/nvnoticias.mx\/index.php\/wp-json\/wp\/v2\/users\/35"}],"replies":[{"embeddable":true,"href":"https:\/\/nvnoticias.mx\/index.php\/wp-json\/wp\/v2\/comments?post=52207"}],"version-history":[{"count":1,"href":"https:\/\/nvnoticias.mx\/index.php\/wp-json\/wp\/v2\/posts\/52207\/revisions"}],"predecessor-version":[{"id":52208,"href":"https:\/\/nvnoticias.mx\/index.php\/wp-json\/wp\/v2\/posts\/52207\/revisions\/52208"}],"wp:featuredmedia":[{"embeddable":true,"href":"https:\/\/nvnoticias.mx\/index.php\/wp-json\/wp\/v2\/media\/18748"}],"wp:attachment":[{"href":"https:\/\/nvnoticias.mx\/index.php\/wp-json\/wp\/v2\/media?parent=52207"}],"wp:term":[{"taxonomy":"category","embeddable":true,"href":"https:\/\/nvnoticias.mx\/index.php\/wp-json\/wp\/v2\/categories?post=52207"},{"taxonomy":"post_tag","embeddable":true,"href":"https:\/\/nvnoticias.mx\/index.php\/wp-json\/wp\/v2\/tags?post=52207"}],"curies":[{"name":"wp","href":"https:\/\/api.w.org\/{rel}","templated":true}]}}