{"id":52200,"date":"2022-04-28T10:30:26","date_gmt":"2022-04-28T15:30:26","guid":{"rendered":"https:\/\/nvnoticias.mx\/?p=52200"},"modified":"2022-04-28T10:30:28","modified_gmt":"2022-04-28T15:30:28","slug":"dispara-elemento-de-guardia-nacional-y-mata-a-estudiante-en-guanajuato","status":"publish","type":"post","link":"https:\/\/nvnoticias.mx\/index.php\/2022\/04\/28\/dispara-elemento-de-guardia-nacional-y-mata-a-estudiante-en-guanajuato\/","title":{"rendered":"Dispara elemento de Guardia Nacional y mata a estudiante en Guanajuato"},"content":{"rendered":"\n<p>Elementos de la\u00a0<strong>Guardia Nacional\u00a0<\/strong>dispararon contra<strong>\u00a0tres estudiantes\u00a0<\/strong>de Agronom\u00eda de la\u00a0<strong>Universidad de Guanajuato<\/strong>\u00a0la tarde de este mi\u00e9rcoles en la comunidad El Copal; en la balacera uno de ellos muri\u00f3 y una joven result\u00f3 herida de gravedad.\u00a0<\/p>\n\n\n\n<p>Presuntamente los universitarios no atendieron una se\u00f1al de alto de los elementos federales y \u00e9stos los siguieron y abrieron fuego en su contra, en las calles Copal y Roble.<\/p>\n\n\n\n<p>Los afectados son alumnos del\u00a0<strong>campus Copal<\/strong>\u00a0de la Universidad de Guanajuato (UG).\u00a0<\/p>\n\n\n\n<p>La Secretar\u00eda de Seguridad Ciudadana de Irapuato recibi\u00f3 el reporte sobre los hechos alrededor de las 16:46 horas. Los j\u00f3venes viajaban en una camioneta Eco-Sport blanca.<\/p>\n\n\n\n<p>El estudiante que falleci\u00f3 fue identificado como \u00c1ngel Yael Ignacio Rangel, de 19 a\u00f1os, quien recibi\u00f3 un impacto de bala en la cabeza. El veh\u00edculo era conducido por Eduardo Ram\u00edrez Jorge, tambi\u00e9n de 19 a\u00f1os, y la joven herida fue identificada como Edith Alejandra Carrillo, de 22 a\u00f1os de edad, quien fue trasladada a un hospital para su atenci\u00f3n.<\/p>\n\n\n\n<blockquote class=\"wp-block-quote is-layout-flow wp-block-quote-is-layout-flow\"><p>El gobernador de Guanajuato,\u00a0<strong>Diego Sinhue Rodr\u00edguez Vallejo<\/strong>, conden\u00f3 los hechos: \u201cCondeno en\u00e9rgicamente los lamentables hechos registrados en #Irapuato en donde un joven estudiante perdi\u00f3 la vida y una m\u00e1s result\u00f3 gravemente herida a consecuencia de disparos en un uso desproporcionado de la fuerza por parte de un elemento de la Guardia Nacional\u201d, escribi\u00f3 en su cuenta de Twitter.\u00a0<\/p><\/blockquote>\n\n\n\n<blockquote class=\"wp-block-quote is-layout-flow wp-block-quote-is-layout-flow\"><p>\u201cLas autoridades de cualquier nivel tenemos la responsabilidad de construir la paz y confianza con la ciudadan\u00eda; acompa\u00f1aremos y daremos total apoyo a sus familias para que las instancias competentes esclarezcan lo ocurrido y se haga justicia\u201d, se\u00f1al\u00f3 el mandatario a trav\u00e9s de sus redes sociales.<\/p><\/blockquote>\n\n\n\n<p>Agreg\u00f3 que instruy\u00f3 a la Secretaria de Gobierno, Libia Garc\u00eda, \u201ca estar cerca de los familiares de las v\u00edctimas para brindarles todo el apoyo\u201d del gobierno estatal y \u201cmantener un di\u00e1logo constante con las instituciones responsables e involucradas en dar atenci\u00f3n a este lamentable hecho\u201d.<\/p>\n\n\n\n<blockquote class=\"twitter-tweet\"><p lang=\"es\" dir=\"ltr\">La FGEG ha iniciado una investigaci\u00f3n por los repudiables hechos en donde se reporta que un joven estudiante de la Universidad de Guanajuato perdi\u00f3 la vida y una m\u00e1s result\u00f3 herida a consecuencia de disparos de arma de fuego por parte de un elemento de la Guardia Nacional. 1\/2<\/p>&mdash; Fiscal\u00eda General del Estado de Guanajuato (@FGEGUANAJUATO) <a href=\"https:\/\/twitter.com\/FGEGUANAJUATO\/status\/1519518451500421120?ref_src=twsrc%5Etfw\">April 28, 2022<\/a><\/blockquote> <script async src=\"https:\/\/platform.twitter.com\/widgets.js\" charset=\"utf-8\"><\/script>\n\n\n\n<p>Fuente: <a href=\"https:\/\/www.eluniversal.com.mx\/estados\/elemento-de-guardia-nacional-dispara-y-mata-estudiante-en-guanajuato\" data-type=\"URL\" data-id=\"https:\/\/www.eluniversal.com.mx\/estados\/elemento-de-guardia-nacional-dispara-y-mata-estudiante-en-guanajuato\">El Universal<\/a><\/p>\n","protected":false},"excerpt":{"rendered":"<p>Elementos de la\u00a0Guardia Nacional\u00a0dispararon contra\u00a0tres estudiantes\u00a0de Agronom\u00eda de la\u00a0Universidad de Guanajuato\u00a0la tarde de este mi\u00e9rcoles en la comunidad El Copal; en la balacera uno de ellos muri\u00f3 y una joven result\u00f3 herida de gravedad.\u00a0 Presuntamente los universitarios no atendieron una se\u00f1al de alto de los elementos federales y \u00e9stos los siguieron y abrieron fuego en [&hellip;]<\/p>\n","protected":false},"author":35,"featured_media":1329,"comment_status":"open","ping_status":"open","sticky":false,"template":"","format":"standard","meta":{"_monsterinsights_skip_tracking":false,"_monsterinsights_sitenote_active":false,"_monsterinsights_sitenote_note":"","_monsterinsights_sitenote_category":0,"footnotes":""},"categories":[157],"tags":[14097,14098,3205,5072,450,14099],"class_list":["post-52200","post","type-post","status-publish","format-standard","has-post-thumbnail","hentry","category-nacional","tag-dispara","tag-elemento","tag-estudiante","tag-guanajuato","tag-guardia-nacional","tag-mata","wp-image-borders"],"amp_enabled":true,"_links":{"self":[{"href":"https:\/\/nvnoticias.mx\/index.php\/wp-json\/wp\/v2\/posts\/52200","targetHints":{"allow":["GET"]}}],"collection":[{"href":"https:\/\/nvnoticias.mx\/index.php\/wp-json\/wp\/v2\/posts"}],"about":[{"href":"https:\/\/nvnoticias.mx\/index.php\/wp-json\/wp\/v2\/types\/post"}],"author":[{"embeddable":true,"href":"https:\/\/nvnoticias.mx\/index.php\/wp-json\/wp\/v2\/users\/35"}],"replies":[{"embeddable":true,"href":"https:\/\/nvnoticias.mx\/index.php\/wp-json\/wp\/v2\/comments?post=52200"}],"version-history":[{"count":1,"href":"https:\/\/nvnoticias.mx\/index.php\/wp-json\/wp\/v2\/posts\/52200\/revisions"}],"predecessor-version":[{"id":52201,"href":"https:\/\/nvnoticias.mx\/index.php\/wp-json\/wp\/v2\/posts\/52200\/revisions\/52201"}],"wp:featuredmedia":[{"embeddable":true,"href":"https:\/\/nvnoticias.mx\/index.php\/wp-json\/wp\/v2\/media\/1329"}],"wp:attachment":[{"href":"https:\/\/nvnoticias.mx\/index.php\/wp-json\/wp\/v2\/media?parent=52200"}],"wp:term":[{"taxonomy":"category","embeddable":true,"href":"https:\/\/nvnoticias.mx\/index.php\/wp-json\/wp\/v2\/categories?post=52200"},{"taxonomy":"post_tag","embeddable":true,"href":"https:\/\/nvnoticias.mx\/index.php\/wp-json\/wp\/v2\/tags?post=52200"}],"curies":[{"name":"wp","href":"https:\/\/api.w.org\/{rel}","templated":true}]}}