{"id":52147,"date":"2022-04-27T16:46:16","date_gmt":"2022-04-27T21:46:16","guid":{"rendered":"https:\/\/nvnoticias.mx\/?p=52147"},"modified":"2022-04-27T16:46:16","modified_gmt":"2022-04-27T21:46:16","slug":"fifa-expulsaria-a-ecuador-de-qatar-2022-y-chile-tomaria-su-lugar","status":"publish","type":"post","link":"https:\/\/nvnoticias.mx\/index.php\/2022\/04\/27\/fifa-expulsaria-a-ecuador-de-qatar-2022-y-chile-tomaria-su-lugar\/","title":{"rendered":"FIFA expulsar\u00eda a Ecuador de Qatar 2022 y Chile tomar\u00eda su lugar"},"content":{"rendered":"\n<p>En el n\u00facleo del\u00a0Mundial de Qatar 2022\u00a0est\u00e1 estallando otro mega esc\u00e1ndalo, pues ahora la\u00a0Selecci\u00f3n de Ecuador\u00a0podr\u00eda quedar fuera de la competencia debido a una\u00a0alineaci\u00f3n indebida, donde los primeros reportes indican que\u00a0Chile\u00a0tomar\u00eda su lugar.<\/p>\n\n\n\n<p>Pese a que a\u00fan resta un duelo de las\u00a0eliminatorias mundialistas\u00a0de\u00a0Conmebol, recordando que el\u00a0Brasil vs Argentina\u00a0se jugar\u00e1 en unos meses, los\u00a04 lugares y medio\u00a0ya se han definido, pero la virtual\u00a0expulsi\u00f3n\u00a0de\u00a0Ecuador\u00a0mover\u00eda todo.<\/p>\n\n\n\n<figure class=\"wp-block-image\"><img decoding=\"async\" src=\"https:\/\/www.eluniverso.com\/resizer\/UjZ7Gf9IZYaUfQe6yq-o7Al0APU=\/0x0:2312x1440\/1076x670\/filters:quality(70)\/cloudfront-us-east-1.images.arcpublishing.com\/eluniverso\/ONS6B5NOPBAMNC5Q5DWPNUBMCM.jpg\" alt=\"En Chile investigan origen de Byron Castillo en busca de 'apelaci\u00f3n'  internacional | F\u00fatbol | Deportes | El Universo\"\/><\/figure>\n\n\n\n<p>De acuerdo a reportes de medios internacionales, despu\u00e9s de un juicio muy largo se determin\u00f3 que\u00a0Byron Castillo, quien hasta hace unos d\u00edas era reconocido como ecuatoriano, naci\u00f3 oficialmente en\u00a0Colombia\u00a0y no en dicho pa\u00eds, por lo que al haber jugado las\u00a0eliminatorias de\u00a0Conmebol\u00a0hay un problema.<\/p>\n\n\n\n<p>A\u00a0Conmebol\u00a0y la\u00a0FIFA\u00a0habr\u00eda llegado una queja argumentando que un futbolista jug\u00f3 ilegalmente con una selecci\u00f3n que no le corresponde, por lo que piden que se haga un reajuste de puntos y se determinen bien los lugares para\u00a0Qatar 2022.<\/p>\n\n\n\n<p>Byron Castillo\u00a0disput\u00f3\u00a08 partidos\u00a0rumbo a\u00a0Qatar 2022: dos ante\u00a0Chile\u00a0y\u00a0Paraguay\u00a0y uno contra\u00a0Uruguay,\u00a0Venezuela,\u00a0Bolivia\u00a0y\u00a0Argentina, por lo que quieren que\u00a0Ecuador\u00a0pierda estos 8 encuentros y la tabla quedar\u00eda as\u00ed.<\/p>\n\n\n\n<p>1.- Brasil 45 puntos<br>2.- Argentina 41 puntos<br>3.- Uruguay 28 puntos<br><strong>4.- Chile 24 puntos<\/strong><br>5.- Per\u00fa 24 puntos (repechaje)<br>6.- Colombia 23 puntos<br>7.- Paraguay 19 puntos<\/p>\n\n\n\n<p>8.- Bolivia 18 puntos<br>9.- Venezuela 13 puntos<br><strong>10.- Ecuador 12 puntos<\/strong><\/p>\n\n\n\n<p>Es por este motivo que la\u00a0Selecci\u00f3n de Chile\u00a0ser\u00eda quien tome el lugar de\u00a0Ecuador\u00a0en\u00a0Qatar 2022\u00a0aunque ojo, se sabe que\u00a0FIFA,\u00a0Conmebol\u00a0e incluso hasta el\u00a0TAS\u00a0tendr\u00e1n que iniciar una investigaci\u00f3n y dar una resoluci\u00f3n lo antes posible, pues las distintas selecciones deben iniciar su preparaci\u00f3n.<\/p>\n\n\n\n<p>Algo similar pas\u00f3 con la\u00a0Selecci\u00f3n de Ir\u00e1n, que podr\u00eda ser vetada por un esc\u00e1ndalo por prohibirle a las mujeres ingresar a sus estadios, s\u00f3lo que ellos le abrir\u00edan la puerta a\u00a0Italia\u00a0y no a alguien de su confederaci\u00f3n.<\/p>\n\n\n\n<p>Fuente: <a href=\"https:\/\/www.tvazteca.com\/aztecadeportes\/fifa-expulsaria-ecuador-qatar-2022-alineacion-byron-castillo-chile-colombia-lmr\">Azteca Deportes<\/a><\/p>\n","protected":false},"excerpt":{"rendered":"<p>En el n\u00facleo del\u00a0Mundial de Qatar 2022\u00a0est\u00e1 estallando otro mega esc\u00e1ndalo, pues ahora la\u00a0Selecci\u00f3n de Ecuador\u00a0podr\u00eda quedar fuera de la competencia debido a una\u00a0alineaci\u00f3n indebida, donde los primeros reportes indican que\u00a0Chile\u00a0tomar\u00eda su lugar. Pese a que a\u00fan resta un duelo de las\u00a0eliminatorias mundialistas\u00a0de\u00a0Conmebol, recordando que el\u00a0Brasil vs Argentina\u00a0se jugar\u00e1 en unos meses, los\u00a04 lugares y [&hellip;]<\/p>\n","protected":false},"author":8,"featured_media":52148,"comment_status":"open","ping_status":"open","sticky":false,"template":"","format":"standard","meta":{"_monsterinsights_skip_tracking":false,"_monsterinsights_sitenote_active":false,"_monsterinsights_sitenote_note":"","_monsterinsights_sitenote_category":0,"footnotes":""},"categories":[159],"tags":[472,10270,5294,3099],"class_list":["post-52147","post","type-post","status-publish","format-standard","has-post-thumbnail","hentry","category-deportes","tag-chile","tag-conmebol","tag-ecuador","tag-fifa","wp-image-borders"],"amp_enabled":true,"_links":{"self":[{"href":"https:\/\/nvnoticias.mx\/index.php\/wp-json\/wp\/v2\/posts\/52147","targetHints":{"allow":["GET"]}}],"collection":[{"href":"https:\/\/nvnoticias.mx\/index.php\/wp-json\/wp\/v2\/posts"}],"about":[{"href":"https:\/\/nvnoticias.mx\/index.php\/wp-json\/wp\/v2\/types\/post"}],"author":[{"embeddable":true,"href":"https:\/\/nvnoticias.mx\/index.php\/wp-json\/wp\/v2\/users\/8"}],"replies":[{"embeddable":true,"href":"https:\/\/nvnoticias.mx\/index.php\/wp-json\/wp\/v2\/comments?post=52147"}],"version-history":[{"count":1,"href":"https:\/\/nvnoticias.mx\/index.php\/wp-json\/wp\/v2\/posts\/52147\/revisions"}],"predecessor-version":[{"id":52149,"href":"https:\/\/nvnoticias.mx\/index.php\/wp-json\/wp\/v2\/posts\/52147\/revisions\/52149"}],"wp:featuredmedia":[{"embeddable":true,"href":"https:\/\/nvnoticias.mx\/index.php\/wp-json\/wp\/v2\/media\/52148"}],"wp:attachment":[{"href":"https:\/\/nvnoticias.mx\/index.php\/wp-json\/wp\/v2\/media?parent=52147"}],"wp:term":[{"taxonomy":"category","embeddable":true,"href":"https:\/\/nvnoticias.mx\/index.php\/wp-json\/wp\/v2\/categories?post=52147"},{"taxonomy":"post_tag","embeddable":true,"href":"https:\/\/nvnoticias.mx\/index.php\/wp-json\/wp\/v2\/tags?post=52147"}],"curies":[{"name":"wp","href":"https:\/\/api.w.org\/{rel}","templated":true}]}}