{"id":52126,"date":"2022-04-27T15:56:53","date_gmt":"2022-04-27T20:56:53","guid":{"rendered":"https:\/\/nvnoticias.mx\/?p=52126"},"modified":"2022-04-27T15:56:54","modified_gmt":"2022-04-27T20:56:54","slug":"ayuntamiento-aliado-de-las-ninas-ninos-y-adolescentes","status":"publish","type":"post","link":"https:\/\/nvnoticias.mx\/index.php\/2022\/04\/27\/ayuntamiento-aliado-de-las-ninas-ninos-y-adolescentes\/","title":{"rendered":"Ayuntamiento, aliado de las ni\u00f1as, ni\u00f1os y adolescentes"},"content":{"rendered":"\n<p>Xalapa, Ver.- Quienes integramos el Ayuntamiento somos aliados de las ni\u00f1as, ni\u00f1os y adolescentes y tenemos claro que m\u00e1s all\u00e1 de la obligaci\u00f3n que otorga un cargo p\u00fablico, la defensa y promoci\u00f3n de sus derechos se hace con una convicci\u00f3n que nace desde el coraz\u00f3n y los sentimientos, asegur\u00f3 el presidente municipal Ricardo Ahued Bardahuil durante la novena Sesi\u00f3n Ordinaria del Sistema de Protecci\u00f3n Integral de Ni\u00f1as, Ni\u00f1os y Adolescentes (Sipinna).<\/p>\n\n\n\n<p>El Alcalde reconoci\u00f3 la labor del Sistema y sus integrantes, pues se trata de un esfuerzo que da relevancia y presencia a la administraci\u00f3n municipal en el nivel estatal, con acciones como la aprobaci\u00f3n del Diagn\u00f3stico de la situaci\u00f3n que guardan los derechos de ni\u00f1as, ni\u00f1os y adolescentes de Xalapa, un primer avance en la elaboraci\u00f3n del Programa Municipal de Protecci\u00f3n (Promupinna), con lo que Xalapa se coloca a la vanguardia al ser el primer municipio en contar con una estrategia de este tipo.<\/p>\n\n\n\n<figure class=\"wp-block-image size-large\"><img loading=\"lazy\" decoding=\"async\" width=\"1024\" height=\"656\" src=\"https:\/\/nvnoticias.mx\/wp-content\/uploads\/2022\/04\/WhatsApp-Image-2022-04-27-at-3.31.45-PM-1024x656.jpeg\" alt=\"\" class=\"wp-image-52127\" srcset=\"https:\/\/nvnoticias.mx\/wp-content\/uploads\/2022\/04\/WhatsApp-Image-2022-04-27-at-3.31.45-PM-1024x656.jpeg 1024w, https:\/\/nvnoticias.mx\/wp-content\/uploads\/2022\/04\/WhatsApp-Image-2022-04-27-at-3.31.45-PM-300x192.jpeg 300w, https:\/\/nvnoticias.mx\/wp-content\/uploads\/2022\/04\/WhatsApp-Image-2022-04-27-at-3.31.45-PM-768x492.jpeg 768w, https:\/\/nvnoticias.mx\/wp-content\/uploads\/2022\/04\/WhatsApp-Image-2022-04-27-at-3.31.45-PM.jpeg 1280w\" sizes=\"auto, (max-width: 1024px) 100vw, 1024px\" \/><\/figure>\n\n\n\n<p>La secretaria ejecutiva del Sistema, Mercy Esther P\u00e9rez Ar\u00e9valo, present\u00f3 el informe sobre el primer cuatrimestre de actividades, mediante el que se reportaron 415 sesiones de atenci\u00f3n psicol\u00f3gica, mil 237 personas capacitadas y 35 sesiones de los Consejos de Participaci\u00f3n Infantil, as\u00ed como 270 intervenciones socioeducativas con ni\u00f1as y ni\u00f1os que trabajan en cruceros de Xalapa.<\/p>\n\n\n\n<p>Durante la sesi\u00f3n, tambi\u00e9n se present\u00f3 y autoriz\u00f3 la versi\u00f3n preliminar de la convocatoria para integrar a la sociedad civil al Sistema, misma que ser\u00e1 enviada a la Comisi\u00f3n Edilicia correspondiente para continuar su proceso administrativo.<\/p>\n\n\n\n<p>De igual forma, se dio espacio para la intervenci\u00f3n de los Consejos de Participaci\u00f3n Infantil para que sus integrantes explicaran los objetivos de estos grupos, tales como proponer ideas de cambio positivo en su entorno, y promover sus derechos a trav\u00e9s de talleres, conferencias y programas de radio.<\/p>\n\n\n\n<p>Por unanimidad, se autoriz\u00f3 la reinstalaci\u00f3n de la Comisi\u00f3n para poner fin a toda forma de violencia contra ni\u00f1as, ni\u00f1os y adolescentes y la mesa de trabajo para la restituci\u00f3n de derechos.<\/p>\n\n\n\n<p>La titular del Sipinna de Veracruz, Mar\u00eda del Pilar Paz Villafuerte, reconoci\u00f3 la labor del Sistema de Xalapa, as\u00ed como la representaci\u00f3n que se lleva al consejo consultivo en el nivel estatal.<\/p>\n\n\n\n<figure class=\"wp-block-image size-large\"><img loading=\"lazy\" decoding=\"async\" width=\"1024\" height=\"673\" src=\"https:\/\/nvnoticias.mx\/wp-content\/uploads\/2022\/04\/WhatsApp-Image-2022-04-27-at-3.31.45-PM-1-1024x673.jpeg\" alt=\"\" class=\"wp-image-52128\" srcset=\"https:\/\/nvnoticias.mx\/wp-content\/uploads\/2022\/04\/WhatsApp-Image-2022-04-27-at-3.31.45-PM-1-1024x673.jpeg 1024w, https:\/\/nvnoticias.mx\/wp-content\/uploads\/2022\/04\/WhatsApp-Image-2022-04-27-at-3.31.45-PM-1-300x197.jpeg 300w, https:\/\/nvnoticias.mx\/wp-content\/uploads\/2022\/04\/WhatsApp-Image-2022-04-27-at-3.31.45-PM-1-768x505.jpeg 768w, https:\/\/nvnoticias.mx\/wp-content\/uploads\/2022\/04\/WhatsApp-Image-2022-04-27-at-3.31.45-PM-1.jpeg 1280w\" sizes=\"auto, (max-width: 1024px) 100vw, 1024px\" \/><\/figure>\n\n\n\n<p>Explic\u00f3 que el Sistema es la figura que defiende los derechos de las ni\u00f1as, ni\u00f1os y adolescentes mediante la coordinaci\u00f3n con las distintas \u00e1reas del Gobierno Municipal para la restituci\u00f3n de sus derechos.<\/p>\n\n\n\n<p>De acuerdo con la diputada local Ana Miriam Ferr\u00e1ez Centeno, los 17 Consejos de Participaci\u00f3n Infantil de Xalapa son referente en el nivel nacional al ser el Sistema con m\u00e1s de estos organismos, lo que significa que en la capital veracruzana la infancia es escuchada.<\/p>\n\n\n\n<p>Asistieron la s\u00edndica \u00fanica, Cecilia Coronel Brizio; las regidoras y regidores Helen Sarmiento Ja\u00e9n, Antonio Ballesteros Grayeb, Zabdy Asmaveth Quezada Valdez, Martha Valentina Dom\u00ednguez V\u00e1squez, Mar\u00eda Guadalupe M\u00e1rquez Leonardo, Mart\u00edn Victoriano Espinoza Rold\u00e1n y Alfonso Marcos Garc\u00eda Castillo.<\/p>\n\n\n\n<p>Tambi\u00e9n, la directora del Instituto Municipal de las Mujeres de Xalapa (IMMX), Zaira del Toro Olivares; el director del Sistema DIF Municipal, Alejandro del \u00c1ngel Aguilar; las ni\u00f1as, ni\u00f1os y adolescentes integrantes de los Consejos de Participaci\u00f3n Infantil; funcionariado municipal, madres y padres de familia.<\/p>\n","protected":false},"excerpt":{"rendered":"<p>Xalapa, Ver.- Quienes integramos el Ayuntamiento somos aliados de las ni\u00f1as, ni\u00f1os y adolescentes y tenemos claro que m\u00e1s all\u00e1 de la obligaci\u00f3n que otorga un cargo p\u00fablico, la defensa y promoci\u00f3n de sus derechos se hace con una convicci\u00f3n que nace desde el coraz\u00f3n y los sentimientos, asegur\u00f3 el presidente municipal Ricardo Ahued Bardahuil [&hellip;]<\/p>\n","protected":false},"author":8,"featured_media":52129,"comment_status":"open","ping_status":"open","sticky":false,"template":"","format":"standard","meta":{"_monsterinsights_skip_tracking":false,"_monsterinsights_sitenote_active":false,"_monsterinsights_sitenote_note":"","_monsterinsights_sitenote_category":0,"footnotes":""},"categories":[156],"tags":[2693,10426,5207,1016],"class_list":["post-52126","post","type-post","status-publish","format-standard","has-post-thumbnail","hentry","category-estado","tag-adolescentes","tag-ayuntamiento-de-xalapa","tag-ninas","tag-ninos","wp-image-borders"],"amp_enabled":true,"_links":{"self":[{"href":"https:\/\/nvnoticias.mx\/index.php\/wp-json\/wp\/v2\/posts\/52126","targetHints":{"allow":["GET"]}}],"collection":[{"href":"https:\/\/nvnoticias.mx\/index.php\/wp-json\/wp\/v2\/posts"}],"about":[{"href":"https:\/\/nvnoticias.mx\/index.php\/wp-json\/wp\/v2\/types\/post"}],"author":[{"embeddable":true,"href":"https:\/\/nvnoticias.mx\/index.php\/wp-json\/wp\/v2\/users\/8"}],"replies":[{"embeddable":true,"href":"https:\/\/nvnoticias.mx\/index.php\/wp-json\/wp\/v2\/comments?post=52126"}],"version-history":[{"count":1,"href":"https:\/\/nvnoticias.mx\/index.php\/wp-json\/wp\/v2\/posts\/52126\/revisions"}],"predecessor-version":[{"id":52130,"href":"https:\/\/nvnoticias.mx\/index.php\/wp-json\/wp\/v2\/posts\/52126\/revisions\/52130"}],"wp:featuredmedia":[{"embeddable":true,"href":"https:\/\/nvnoticias.mx\/index.php\/wp-json\/wp\/v2\/media\/52129"}],"wp:attachment":[{"href":"https:\/\/nvnoticias.mx\/index.php\/wp-json\/wp\/v2\/media?parent=52126"}],"wp:term":[{"taxonomy":"category","embeddable":true,"href":"https:\/\/nvnoticias.mx\/index.php\/wp-json\/wp\/v2\/categories?post=52126"},{"taxonomy":"post_tag","embeddable":true,"href":"https:\/\/nvnoticias.mx\/index.php\/wp-json\/wp\/v2\/tags?post=52126"}],"curies":[{"name":"wp","href":"https:\/\/api.w.org\/{rel}","templated":true}]}}