{"id":5206,"date":"2021-02-19T16:40:31","date_gmt":"2021-02-19T22:40:31","guid":{"rendered":"https:\/\/nvnoticias.mx\/?p=5206"},"modified":"2021-02-19T16:40:32","modified_gmt":"2021-02-19T22:40:32","slug":"toma-protesta-fernando-yunes-a-nuevo-comandante-de-la-policia-municipal","status":"publish","type":"post","link":"https:\/\/nvnoticias.mx\/index.php\/2021\/02\/19\/toma-protesta-fernando-yunes-a-nuevo-comandante-de-la-policia-municipal\/","title":{"rendered":"Toma protesta Fernando Yunes a nuevo comandante de la Polici\u0301a Municipal"},"content":{"rendered":"\n<p>Veracruz.- El presidente municipal Fernando Yunes M\u00e1rquez tom\u00f3 protesta al cargo de comandante de la Polic\u00eda Municipal de Veracruz a Jorge Miguel Rodr\u00edguez Ram\u00edrez.<\/p>\n\n\n\n<p>El acto protocolario se realiz\u00f3 en la en la sala de Cabildo del Ayuntamiento de Veracruz, donde Jorge Miguel Rodr\u00edguez Ram\u00edrez&nbsp; jur\u00f3 guardar y hacer guardar la Constituci\u00f3n Pol\u00edtica de los Estados Unidos Mexicanos, la Constituci\u00f3n Pol\u00edtica de nuestro estado, as\u00ed como las leyes, reglamentos y ordenamientos legales que de una y otra emanen, adem\u00e1s de cumplir leal y patri\u00f3ticamente con el cargo de comandante.<\/p>\n\n\n\n<p>El alcalde manifest\u00f3 que como resultado de haber realizado el examen de control de valuaci\u00f3n de confianza con resultados satisfactorios, ante el Centro de control de Confianza de la Secretar\u00eda de Seguridad P\u00fablica del Estado de Veracruz, se le otorg\u00f3 el cargo a Jorge Miguel Rodr\u00edguez Ram\u00edrez.&nbsp;<\/p>\n\n\n\n<p>Tambi\u00e9n record\u00f3 que desde hace m\u00e1s de un a\u00f1o, el ciudadano Jorge Miguel Rodr\u00edguez Ram\u00edrez se hab\u00eda desempe\u00f1ado como encargado de la polic\u00eda municipal debido a que no le hab\u00edan podido ser aplicados los ex\u00e1menes de control y confianza de ley, lo cual ya se pudo concretar en los \u00faltimos d\u00edas de diciembre pasado de 2020.&nbsp;<\/p>\n\n\n\n<blockquote class=\"wp-block-quote is-layout-flow wp-block-quote-is-layout-flow\"><p>\u201cDurante estos meses y a\u00f1os, como encargado, hubo una completa y total coordinaci\u00f3n, en primer lugar,\u00a0 con las autoridades federales, principalmente, con la polic\u00eda Naval y con el Gobierno del Estado, tambi\u00e9n a trav\u00e9s de la delegaci\u00f3n de la Secretar\u00eda Seguridad P\u00fablica en la ciudad\u201d, manifest\u00f3 al reconocer el trabajo del ahora comandante de la Polic\u00eda Municipal de Veracruz.\u00a0<\/p><\/blockquote>\n","protected":false},"excerpt":{"rendered":"<p>Veracruz.- El presidente municipal Fernando Yunes M\u00e1rquez tom\u00f3 protesta al cargo de comandante de la Polic\u00eda Municipal de Veracruz a Jorge Miguel Rodr\u00edguez Ram\u00edrez. El acto protocolario se realiz\u00f3 en la en la sala de Cabildo del Ayuntamiento de Veracruz, donde Jorge Miguel Rodr\u00edguez Ram\u00edrez&nbsp; jur\u00f3 guardar y hacer guardar la Constituci\u00f3n Pol\u00edtica de los [&hellip;]<\/p>\n","protected":false},"author":6,"featured_media":5207,"comment_status":"open","ping_status":"open","sticky":false,"template":"","format":"standard","meta":{"_monsterinsights_skip_tracking":false,"_monsterinsights_sitenote_active":false,"_monsterinsights_sitenote_note":"","_monsterinsights_sitenote_category":0,"footnotes":""},"categories":[154],"tags":[178,1552,180],"class_list":["post-5206","post","type-post","status-publish","format-standard","has-post-thumbnail","hentry","category-veracruz","tag-fernando-yunes","tag-policia-municipal","tag-veracruz","wp-image-borders"],"amp_enabled":true,"_links":{"self":[{"href":"https:\/\/nvnoticias.mx\/index.php\/wp-json\/wp\/v2\/posts\/5206","targetHints":{"allow":["GET"]}}],"collection":[{"href":"https:\/\/nvnoticias.mx\/index.php\/wp-json\/wp\/v2\/posts"}],"about":[{"href":"https:\/\/nvnoticias.mx\/index.php\/wp-json\/wp\/v2\/types\/post"}],"author":[{"embeddable":true,"href":"https:\/\/nvnoticias.mx\/index.php\/wp-json\/wp\/v2\/users\/6"}],"replies":[{"embeddable":true,"href":"https:\/\/nvnoticias.mx\/index.php\/wp-json\/wp\/v2\/comments?post=5206"}],"version-history":[{"count":1,"href":"https:\/\/nvnoticias.mx\/index.php\/wp-json\/wp\/v2\/posts\/5206\/revisions"}],"predecessor-version":[{"id":5208,"href":"https:\/\/nvnoticias.mx\/index.php\/wp-json\/wp\/v2\/posts\/5206\/revisions\/5208"}],"wp:featuredmedia":[{"embeddable":true,"href":"https:\/\/nvnoticias.mx\/index.php\/wp-json\/wp\/v2\/media\/5207"}],"wp:attachment":[{"href":"https:\/\/nvnoticias.mx\/index.php\/wp-json\/wp\/v2\/media?parent=5206"}],"wp:term":[{"taxonomy":"category","embeddable":true,"href":"https:\/\/nvnoticias.mx\/index.php\/wp-json\/wp\/v2\/categories?post=5206"},{"taxonomy":"post_tag","embeddable":true,"href":"https:\/\/nvnoticias.mx\/index.php\/wp-json\/wp\/v2\/tags?post=5206"}],"curies":[{"name":"wp","href":"https:\/\/api.w.org\/{rel}","templated":true}]}}