{"id":52054,"date":"2022-04-27T12:38:00","date_gmt":"2022-04-27T17:38:00","guid":{"rendered":"https:\/\/nvnoticias.mx\/?p=52054"},"modified":"2022-04-27T12:38:00","modified_gmt":"2022-04-27T17:38:00","slug":"pide-amlo-a-aeromexico-volaris-y-vivaaerobus-tener-mas-vuelos-en-aifa","status":"publish","type":"post","link":"https:\/\/nvnoticias.mx\/index.php\/2022\/04\/27\/pide-amlo-a-aeromexico-volaris-y-vivaaerobus-tener-mas-vuelos-en-aifa\/","title":{"rendered":"Pide AMLO a Aerom\u00e9xico, Volaris y VivaAerobus tener m\u00e1s vuelos en AIFA"},"content":{"rendered":"\n<p>A fin de terminar con las criticas por el poco uso que se le da al Aeropuerto Internacional Felipe \u00c1ngeles (AIFA), el presidente Andr\u00e9s Manuel L\u00f3pez Obrador hizo un llamado a Aerom\u00e9xico, Volaris y VivaAerobus para aumentar la oferta desde la nueva terminal a\u00e9rea.<\/p>\n\n\n\n<p>Hasta ahora, el AIFA cuenta con seis rutas nacionales \u2013 Tijuana, Canc\u00fan, Monterrey, Guadalajara, Villahermosa y M\u00e9rida- pero espera agrandar su oferta en el segundo semestre de 2022.<\/p>\n\n\n\n<p>Hace unas semanas, Volaris inform\u00f3 sobre su intenci\u00f3n de volar a la ciudad de Los \u00c1ngeles, California, desde el Aeropuerto Internacional Felipe \u00c1ngeles (AIFA), con lo cual se convertir\u00edan en la primera aerol\u00ednea nacional que vuele a un destino internacional desde la nueva terminal.<\/p>\n\n\n\n<blockquote class=\"wp-block-quote is-layout-flow wp-block-quote-is-layout-flow\"><p><strong>\u201c<\/strong>Le ped\u00ed que se ampliara, que nos ayudara para que no se est\u00e9 cuestionando, atacando por eso, es un buen aeropuerto y es la imagen del pa\u00eds, yo tengo que cuidar eso, es parte de mi trabajo, y\u00a0aprovecho para pedirle lo mismo al director de VivaAerobus\u00a0por este conducto, aunque seguramente le van a\u00a0hablar o el Secretario de Comunicaciones o Gobernaci\u00f3n.<\/p><\/blockquote>\n\n\n\n<blockquote class=\"wp-block-quote is-layout-flow wp-block-quote-is-layout-flow\"><p>\u201cY a Volaris, porque el aeropuerto de la Ciudad ya est\u00e1 lleno. Le comentaba a Eduardo Tricio (de Aerom\u00e9xico) que el tiempo que puede llevar m\u00e1s ahora, porque se est\u00e1n haciendo obras, el tiempo que pueden dedicar al traslado de ahora por el sistema moderno de despacho en el Felipe \u00c1ngeles permite estar con menos tiempo de anticipaci\u00f3n antes de abordar\u201d, expuso el mandatario federal.<\/p><\/blockquote>\n\n\n\n<p>Fuente: <a href=\"https:\/\/www.forbes.com.mx\/para-cuidar-imagen-del-aifa-amlo-pide-a-aeromexico-volaris-y-vivaaerobus-mas-vuelos\/\" data-type=\"URL\" data-id=\"https:\/\/www.forbes.com.mx\/para-cuidar-imagen-del-aifa-amlo-pide-a-aeromexico-volaris-y-vivaaerobus-mas-vuelos\/\">Forbes<\/a><\/p>\n","protected":false},"excerpt":{"rendered":"<p>A fin de terminar con las criticas por el poco uso que se le da al Aeropuerto Internacional Felipe \u00c1ngeles (AIFA), el presidente Andr\u00e9s Manuel L\u00f3pez Obrador hizo un llamado a Aerom\u00e9xico, Volaris y VivaAerobus para aumentar la oferta desde la nueva terminal a\u00e9rea. Hasta ahora, el AIFA cuenta con seis rutas nacionales \u2013 Tijuana, [&hellip;]<\/p>\n","protected":false},"author":35,"featured_media":49084,"comment_status":"open","ping_status":"open","sticky":false,"template":"","format":"standard","meta":{"_monsterinsights_skip_tracking":false,"_monsterinsights_sitenote_active":false,"_monsterinsights_sitenote_note":"","_monsterinsights_sitenote_category":0,"footnotes":""},"categories":[157],"tags":[3302,6165,188,9741,13888,14065,6850,738],"class_list":["post-52054","post","type-post","status-publish","format-standard","has-post-thumbnail","hentry","category-nacional","tag-aeromexico","tag-aifa","tag-amlo","tag-pide","tag-tener","tag-vivaaerobus","tag-volaris","tag-vuelos","wp-image-borders"],"amp_enabled":true,"_links":{"self":[{"href":"https:\/\/nvnoticias.mx\/index.php\/wp-json\/wp\/v2\/posts\/52054","targetHints":{"allow":["GET"]}}],"collection":[{"href":"https:\/\/nvnoticias.mx\/index.php\/wp-json\/wp\/v2\/posts"}],"about":[{"href":"https:\/\/nvnoticias.mx\/index.php\/wp-json\/wp\/v2\/types\/post"}],"author":[{"embeddable":true,"href":"https:\/\/nvnoticias.mx\/index.php\/wp-json\/wp\/v2\/users\/35"}],"replies":[{"embeddable":true,"href":"https:\/\/nvnoticias.mx\/index.php\/wp-json\/wp\/v2\/comments?post=52054"}],"version-history":[{"count":1,"href":"https:\/\/nvnoticias.mx\/index.php\/wp-json\/wp\/v2\/posts\/52054\/revisions"}],"predecessor-version":[{"id":52055,"href":"https:\/\/nvnoticias.mx\/index.php\/wp-json\/wp\/v2\/posts\/52054\/revisions\/52055"}],"wp:featuredmedia":[{"embeddable":true,"href":"https:\/\/nvnoticias.mx\/index.php\/wp-json\/wp\/v2\/media\/49084"}],"wp:attachment":[{"href":"https:\/\/nvnoticias.mx\/index.php\/wp-json\/wp\/v2\/media?parent=52054"}],"wp:term":[{"taxonomy":"category","embeddable":true,"href":"https:\/\/nvnoticias.mx\/index.php\/wp-json\/wp\/v2\/categories?post=52054"},{"taxonomy":"post_tag","embeddable":true,"href":"https:\/\/nvnoticias.mx\/index.php\/wp-json\/wp\/v2\/tags?post=52054"}],"curies":[{"name":"wp","href":"https:\/\/api.w.org\/{rel}","templated":true}]}}