{"id":52052,"date":"2022-04-27T12:41:27","date_gmt":"2022-04-27T17:41:27","guid":{"rendered":"https:\/\/nvnoticias.mx\/?p=52052"},"modified":"2022-04-27T12:41:28","modified_gmt":"2022-04-27T17:41:28","slug":"del-16-al-20-de-mayo-se-llevara-a-cabo-la-semana-de-la-movilidad-y-seguridad-vial","status":"publish","type":"post","link":"https:\/\/nvnoticias.mx\/index.php\/2022\/04\/27\/del-16-al-20-de-mayo-se-llevara-a-cabo-la-semana-de-la-movilidad-y-seguridad-vial\/","title":{"rendered":"Del  16 al 20 de mayo se llevar\u00e1 a cabo la Semana de la Movilidad y Seguridad Vial"},"content":{"rendered":"\n<p><strong>Jes\u00fas Utrilla \/ NV Noticias<\/strong><\/p>\n\n\n\n<p>Con el fin de contribuir a la prevenci\u00f3n de accidentes de tr\u00e1nsito y promover una movilidad sustentable, inclusiva y en condiciones de seguridad en nuestra entidad, del \u00a016 al 20 de mayo se llevar\u00e1 a cabo la \u201cSemana de la Movilidad y Seguridad Vial anunci\u00f3 este d\u00eda el presidente de la Comisi\u00f3n de Transporte, Tr\u00e1nsito y Vialidad de la legislatura local, Diputado Juan Enrique Santos Mendoza .<\/p>\n\n\n\n<p>De acuerdo con el legislador veracruzano, durante 5 d\u00edas expertos del \u00a0Gobierno del Estado, Secretaria de Seguridad P\u00fablica, expertos, empresas, organizaciones de transportistas e instituciones como Guardia Nacional, Direcci\u00f3n General de Transito y Seguridad Vial, Secretar\u00eda de Protecci\u00f3n Civil, IPAX, por mencionar algunas, participar\u00e1n en conferencias, foros, cursos, stands y exposiciones en donde se abordar\u00e1n temas como: Manejo Defensivo, Educaci\u00f3n y Seguridad Vial, Prevenci\u00f3n de accidentes de tr\u00e1nsito, Cultura Peatonal, Movilidad Sustentable e Inclusiva en los Municipios y la importancia de la Reingenier\u00eda Vial.<\/p>\n\n\n\n<p>El diputado Enrique Santos Mendoza asegur\u00f3 que la invitaci\u00f3n est\u00e1 abierta para que la ciudadan\u00eda, los conductores, operadores del servicio de transporte, empresas, escuelas, universidades asistan a este gran evento que se llevar\u00e1 a cabo en las instalaciones del Congreso del Estado, de forma gratuita y abierta al p\u00fablico en general.<\/p>\n\n\n\n<blockquote class=\"wp-block-quote is-layout-flow wp-block-quote-is-layout-flow\"><p>&#8220;<em>En pr\u00f3ximos d\u00edas estaremos publicando el programa oficial para que los interesados puedan acceder a los temas concretos que vamos a analizar , se trata de trabajar por el bienestar de todas y todos, es tiempo de sumar esfuerzos para lograr una movilidad segura, sostenible e inclusiva como lo demanda el pueblo veracruzano<\/em>&#8220;, se\u00f1al\u00f3 el legislador.<\/p><\/blockquote>\n","protected":false},"excerpt":{"rendered":"<p>Jes\u00fas Utrilla \/ NV Noticias Con el fin de contribuir a la prevenci\u00f3n de accidentes de tr\u00e1nsito y promover una movilidad sustentable, inclusiva y en condiciones de seguridad en nuestra entidad, del \u00a016 al 20 de mayo se llevar\u00e1 a cabo la \u201cSemana de la Movilidad y Seguridad Vial anunci\u00f3 este d\u00eda el presidente de [&hellip;]<\/p>\n","protected":false},"author":8,"featured_media":52057,"comment_status":"open","ping_status":"open","sticky":false,"template":"","format":"standard","meta":{"_monsterinsights_skip_tracking":false,"_monsterinsights_sitenote_active":false,"_monsterinsights_sitenote_note":"","_monsterinsights_sitenote_category":0,"footnotes":""},"categories":[154],"tags":[3944,7871],"class_list":["post-52052","post","type-post","status-publish","format-standard","has-post-thumbnail","hentry","category-veracruz","tag-movilidad","tag-seguridad-vial","wp-image-borders"],"amp_enabled":true,"_links":{"self":[{"href":"https:\/\/nvnoticias.mx\/index.php\/wp-json\/wp\/v2\/posts\/52052","targetHints":{"allow":["GET"]}}],"collection":[{"href":"https:\/\/nvnoticias.mx\/index.php\/wp-json\/wp\/v2\/posts"}],"about":[{"href":"https:\/\/nvnoticias.mx\/index.php\/wp-json\/wp\/v2\/types\/post"}],"author":[{"embeddable":true,"href":"https:\/\/nvnoticias.mx\/index.php\/wp-json\/wp\/v2\/users\/8"}],"replies":[{"embeddable":true,"href":"https:\/\/nvnoticias.mx\/index.php\/wp-json\/wp\/v2\/comments?post=52052"}],"version-history":[{"count":1,"href":"https:\/\/nvnoticias.mx\/index.php\/wp-json\/wp\/v2\/posts\/52052\/revisions"}],"predecessor-version":[{"id":52058,"href":"https:\/\/nvnoticias.mx\/index.php\/wp-json\/wp\/v2\/posts\/52052\/revisions\/52058"}],"wp:featuredmedia":[{"embeddable":true,"href":"https:\/\/nvnoticias.mx\/index.php\/wp-json\/wp\/v2\/media\/52057"}],"wp:attachment":[{"href":"https:\/\/nvnoticias.mx\/index.php\/wp-json\/wp\/v2\/media?parent=52052"}],"wp:term":[{"taxonomy":"category","embeddable":true,"href":"https:\/\/nvnoticias.mx\/index.php\/wp-json\/wp\/v2\/categories?post=52052"},{"taxonomy":"post_tag","embeddable":true,"href":"https:\/\/nvnoticias.mx\/index.php\/wp-json\/wp\/v2\/tags?post=52052"}],"curies":[{"name":"wp","href":"https:\/\/api.w.org\/{rel}","templated":true}]}}