{"id":51952,"date":"2022-04-26T16:02:49","date_gmt":"2022-04-26T21:02:49","guid":{"rendered":"https:\/\/nvnoticias.mx\/?p=51952"},"modified":"2022-04-26T16:02:51","modified_gmt":"2022-04-26T21:02:51","slug":"destaca-ebrard-afinidad-entre-amlo-y-papa-francisco","status":"publish","type":"post","link":"https:\/\/nvnoticias.mx\/index.php\/2022\/04\/26\/destaca-ebrard-afinidad-entre-amlo-y-papa-francisco\/","title":{"rendered":"Destaca Ebrard afinidad entre AMLO y Papa Francisco"},"content":{"rendered":"\n<p>El secretario de Relaciones Exteriores, Marcelo Ebrard, destac\u00f3 la afinidad que existe entre los discursos del presidente Andr\u00e9s Manuel L\u00f3pez Obrador, y el Papa Francisco respecto a la pobreza mundial y los pasos que se deber\u00edan de realizar en la comunidad internacional para terminar con ella. <\/p>\n\n\n\n<p>Este martes en un evento que encabez\u00f3 junto al cardenal Pietro Parolin, secretario de Estado de la Santa Sede, quien se encuentra de visita en el pa\u00eds, Ebrard insisti\u00f3 que tanto M\u00e9xico como el Vaticano coinciden en una serie de ideas relacionas con la dignidad humana y la inconformidad que debe de animar a todos para cambiar la realidad en la que viven cerca de mil millones de personas.<\/p>\n\n\n\n<blockquote class=\"wp-block-quote is-layout-flow wp-block-quote-is-layout-flow\"><p> &#8220;Hace poco, en el Consejo de Seguridad se presentaba una reflexi\u00f3n de M\u00e9xico se\u00f1alando que la causa n\u00famero uno que puede poner en riesgo la paz adem\u00e1s de las rivalidades entre los Estados, es que hay mil millones de personas que viven con menos de dos d\u00f3lares al d\u00eda, y que por primera vez en la historia es factible modificar eso, quiz\u00e1 en otros momentos de la historia no ser\u00eda posible, pero hoy s\u00ed. Mil millones de personas casi viven con menos de dos d\u00f3lares al d\u00eda. Encontramos en ello una gran afinidad con lo que ha venido marcando el santo padre respecto a la dignidad humana y a la inconformidad que nos debe animar para cambiar la realidad para que esto no siga ocurriendo, para eso son los instrumentos de la pol\u00edtica internacional&#8221;, detall\u00f3. <\/p><\/blockquote>\n\n\n\n<p>En el evento de este martes, Ebrard aprovech\u00f3 el momento para extender un agradecimiento a la alta jerarqu\u00eda eclesi\u00e1stica por su labor para garantizar el acceso universal a vacunas y medicamentos en medio de la pandemia de covid-19.<\/p>\n\n\n\n<blockquote class=\"wp-block-quote is-layout-flow wp-block-quote-is-layout-flow\"><p> &#8220;En el \u00e1mbito internacional hemos trabajado juntos y quiero agradecerle su respaldo cardenal Parolin, as\u00ed como a otros dignatarios de la iglesia aqu\u00ed presentes, para garantizar el acceso universal a vacunas, a medicamentos, a tratamientos en el seno de la Organizaci\u00f3n de las Naciones Unidas y de otras instituciones multilaterales&#8221;, dijo. <\/p><\/blockquote>\n\n\n\n<p>En su intervenci\u00f3n durante el encuentro acad\u00e9mico y conmemorativo \u201cLaicidad abierta y libertad religiosa, una visi\u00f3n contempor\u00e1nea\u201d, el canciller insisti\u00f3 que ha sido muy relevante la participaci\u00f3n de la Santa Sede, que tiene un peso espec\u00edfico, relevante, importante, en el \u00e1mbito internacional para hacer frente a la pandemia, pero tambi\u00e9n destac\u00f3 su participaci\u00f3n en otros frentes como el combate al tr\u00e1fico ilegal de armas. <\/p>\n\n\n\n<blockquote class=\"wp-block-quote is-layout-flow wp-block-quote-is-layout-flow\"><p>&#8220;Igual puedo decir de la permanente preocupaci\u00f3n en la que hemos coincidido por la paz y en las acciones concretas por reducir el tr\u00e1fico de armas, la producci\u00f3n de armas, la proliferaci\u00f3n de armas en todo el globo, incluso antes del conflicto que estamos viviendo ahora, por desgracia, entre Rusia y Ucrania, ha sido una causa com\u00fan&#8221;, subray\u00f3. <\/p><\/blockquote>\n\n\n\n<p>Fuente: <a href=\"https:\/\/www.milenio.com\/politica\/ebrard-destaca-afinidad-amlo-papa-francisco-discursos\" data-type=\"URL\" data-id=\"https:\/\/www.milenio.com\/politica\/ebrard-destaca-afinidad-amlo-papa-francisco-discursos\">Milenio<\/a> <\/p>\n","protected":false},"excerpt":{"rendered":"<p>El secretario de Relaciones Exteriores, Marcelo Ebrard, destac\u00f3 la afinidad que existe entre los discursos del presidente Andr\u00e9s Manuel L\u00f3pez Obrador, y el Papa Francisco respecto a la pobreza mundial y los pasos que se deber\u00edan de realizar en la comunidad internacional para terminar con ella. Este martes en un evento que encabez\u00f3 junto al [&hellip;]<\/p>\n","protected":false},"author":35,"featured_media":27391,"comment_status":"open","ping_status":"open","sticky":false,"template":"","format":"standard","meta":{"_monsterinsights_skip_tracking":false,"_monsterinsights_sitenote_active":false,"_monsterinsights_sitenote_note":"","_monsterinsights_sitenote_category":0,"footnotes":""},"categories":[157],"tags":[14039,188,10555,391,4796],"class_list":["post-51952","post","type-post","status-publish","format-standard","has-post-thumbnail","hentry","category-nacional","tag-afinidad","tag-amlo","tag-destaca","tag-marcelo-ebrard","tag-papa-francisco","wp-image-borders"],"amp_enabled":true,"_links":{"self":[{"href":"https:\/\/nvnoticias.mx\/index.php\/wp-json\/wp\/v2\/posts\/51952","targetHints":{"allow":["GET"]}}],"collection":[{"href":"https:\/\/nvnoticias.mx\/index.php\/wp-json\/wp\/v2\/posts"}],"about":[{"href":"https:\/\/nvnoticias.mx\/index.php\/wp-json\/wp\/v2\/types\/post"}],"author":[{"embeddable":true,"href":"https:\/\/nvnoticias.mx\/index.php\/wp-json\/wp\/v2\/users\/35"}],"replies":[{"embeddable":true,"href":"https:\/\/nvnoticias.mx\/index.php\/wp-json\/wp\/v2\/comments?post=51952"}],"version-history":[{"count":3,"href":"https:\/\/nvnoticias.mx\/index.php\/wp-json\/wp\/v2\/posts\/51952\/revisions"}],"predecessor-version":[{"id":51956,"href":"https:\/\/nvnoticias.mx\/index.php\/wp-json\/wp\/v2\/posts\/51952\/revisions\/51956"}],"wp:featuredmedia":[{"embeddable":true,"href":"https:\/\/nvnoticias.mx\/index.php\/wp-json\/wp\/v2\/media\/27391"}],"wp:attachment":[{"href":"https:\/\/nvnoticias.mx\/index.php\/wp-json\/wp\/v2\/media?parent=51952"}],"wp:term":[{"taxonomy":"category","embeddable":true,"href":"https:\/\/nvnoticias.mx\/index.php\/wp-json\/wp\/v2\/categories?post=51952"},{"taxonomy":"post_tag","embeddable":true,"href":"https:\/\/nvnoticias.mx\/index.php\/wp-json\/wp\/v2\/tags?post=51952"}],"curies":[{"name":"wp","href":"https:\/\/api.w.org\/{rel}","templated":true}]}}