{"id":51917,"date":"2022-04-26T13:12:16","date_gmt":"2022-04-26T18:12:16","guid":{"rendered":"https:\/\/nvnoticias.mx\/?p=51917"},"modified":"2022-04-26T13:12:17","modified_gmt":"2022-04-26T18:12:17","slug":"con-musica-cuentos-y-educacion-ambiental-celebrara-el-ayuntamiento-de-xalapa-el-dia-del-nino","status":"publish","type":"post","link":"https:\/\/nvnoticias.mx\/index.php\/2022\/04\/26\/con-musica-cuentos-y-educacion-ambiental-celebrara-el-ayuntamiento-de-xalapa-el-dia-del-nino\/","title":{"rendered":"Con m\u00fasica, cuentos y educaci\u00f3n ambiental, celebrar\u00e1 el Ayuntamiento de Xalapa el D\u00eda del Ni\u00f1o"},"content":{"rendered":"\n<p>Xalapa, Ver.- Para celebrar a las ni\u00f1as y ni\u00f1os del municipio, el Ayuntamiento, a trav\u00e9s de la Direcci\u00f3n de Cultura, ha organizado dos d\u00edas de actividades con un programa especial en el marco del D\u00eda del Ni\u00f1o.<\/p>\n\n\n\n<p>El viernes 29 de abril, en el auditorio de la Iniciativa Municipal de Arte y Cultura (IMAC), se presenta la Compa\u00f1\u00eda Esc\u00e9nica Alterna de la Secretar\u00eda de Educaci\u00f3n de Veracruz (SEV) con la obra de teatro \u201cAnda que te cuento\u201d, como pre\u00e1mbulo a la presentaci\u00f3n del concierto de la Orquesta Pauta Nueva con un programa infantil especial.<\/p>\n\n\n\n<p>La directora de Cultura, Karla Montano Rocher invit\u00f3 a las familias a acudir a las instalaciones del Centro Recreativo Xalape\u00f1o (CRX), de 9:00 a 20:00 horas, para solicitar sus boletos, \u201cestos no son necesarios para acceder al recinto, pero es algo significativo para ni\u00f1as y ni\u00f1os contar con un boleto impreso que puedan guardar\u201d, dijo.<\/p>\n\n\n\n<p>De acuerdo con la funcionaria, el acceso al IMAC ser\u00e1 a partir de las 18:30 horas y se dar\u00e1 prioridad a las ni\u00f1as y ni\u00f1os con un acompa\u00f1ante, pues el aforo se encuentra limitado a 320 personas.<\/p>\n\n\n\n<p>Adem\u00e1s, aclar\u00f3 que si a algunas personas no les es posible disfrutar de este concierto el viernes, el s\u00e1bado 30 de abril, en la explanada ubicada entre los lagos 1 y 2 del Paseo de Los Lagos, a las 19:00 horas, se repetir\u00e1 este concierto con acceso libre.<\/p>\n\n\n\n<figure class=\"wp-block-image size-large\"><img loading=\"lazy\" decoding=\"async\" width=\"1024\" height=\"670\" src=\"https:\/\/nvnoticias.mx\/wp-content\/uploads\/2022\/04\/WhatsApp-Image-2022-04-26-at-1.04.41-PM-1024x670.jpeg\" alt=\"\" class=\"wp-image-51918\" srcset=\"https:\/\/nvnoticias.mx\/wp-content\/uploads\/2022\/04\/WhatsApp-Image-2022-04-26-at-1.04.41-PM-1024x670.jpeg 1024w, https:\/\/nvnoticias.mx\/wp-content\/uploads\/2022\/04\/WhatsApp-Image-2022-04-26-at-1.04.41-PM-300x196.jpeg 300w, https:\/\/nvnoticias.mx\/wp-content\/uploads\/2022\/04\/WhatsApp-Image-2022-04-26-at-1.04.41-PM-768x502.jpeg 768w, https:\/\/nvnoticias.mx\/wp-content\/uploads\/2022\/04\/WhatsApp-Image-2022-04-26-at-1.04.41-PM.jpeg 1280w\" sizes=\"auto, (max-width: 1024px) 100vw, 1024px\" \/><figcaption>Como parte de los festejos por el D\u00eda del Ni\u00f1o, el s\u00e1bado 30 de abril, en la explanada ubicada entre los lagos 1 y 2 del Paseo de Los Lagos, se desarrollar\u00e1n diversas actividades recreativas y art\u00edsticas.<\/figcaption><\/figure>\n\n\n\n<p>En este espacio, desde las 16:00 horas, se desarrollar\u00e1n talleres de pintura y de reciclaje a cargo de la Procuradur\u00eda del Medio Ambiente (PMA), cuyas botargas difundir\u00e1n entre ni\u00f1as y ni\u00f1os, la importancia del cuidado de nuestro planeta.<\/p>\n","protected":false},"excerpt":{"rendered":"<p>Xalapa, Ver.- Para celebrar a las ni\u00f1as y ni\u00f1os del municipio, el Ayuntamiento, a trav\u00e9s de la Direcci\u00f3n de Cultura, ha organizado dos d\u00edas de actividades con un programa especial en el marco del D\u00eda del Ni\u00f1o. El viernes 29 de abril, en el auditorio de la Iniciativa Municipal de Arte y Cultura (IMAC), se [&hellip;]<\/p>\n","protected":false},"author":8,"featured_media":51919,"comment_status":"open","ping_status":"open","sticky":false,"template":"","format":"standard","meta":{"_monsterinsights_skip_tracking":false,"_monsterinsights_sitenote_active":false,"_monsterinsights_sitenote_note":"","_monsterinsights_sitenote_category":0,"footnotes":""},"categories":[156],"tags":[10426,14028],"class_list":["post-51917","post","type-post","status-publish","format-standard","has-post-thumbnail","hentry","category-estado","tag-ayuntamiento-de-xalapa","tag-dia-del-nino","wp-image-borders"],"amp_enabled":true,"_links":{"self":[{"href":"https:\/\/nvnoticias.mx\/index.php\/wp-json\/wp\/v2\/posts\/51917","targetHints":{"allow":["GET"]}}],"collection":[{"href":"https:\/\/nvnoticias.mx\/index.php\/wp-json\/wp\/v2\/posts"}],"about":[{"href":"https:\/\/nvnoticias.mx\/index.php\/wp-json\/wp\/v2\/types\/post"}],"author":[{"embeddable":true,"href":"https:\/\/nvnoticias.mx\/index.php\/wp-json\/wp\/v2\/users\/8"}],"replies":[{"embeddable":true,"href":"https:\/\/nvnoticias.mx\/index.php\/wp-json\/wp\/v2\/comments?post=51917"}],"version-history":[{"count":1,"href":"https:\/\/nvnoticias.mx\/index.php\/wp-json\/wp\/v2\/posts\/51917\/revisions"}],"predecessor-version":[{"id":51920,"href":"https:\/\/nvnoticias.mx\/index.php\/wp-json\/wp\/v2\/posts\/51917\/revisions\/51920"}],"wp:featuredmedia":[{"embeddable":true,"href":"https:\/\/nvnoticias.mx\/index.php\/wp-json\/wp\/v2\/media\/51919"}],"wp:attachment":[{"href":"https:\/\/nvnoticias.mx\/index.php\/wp-json\/wp\/v2\/media?parent=51917"}],"wp:term":[{"taxonomy":"category","embeddable":true,"href":"https:\/\/nvnoticias.mx\/index.php\/wp-json\/wp\/v2\/categories?post=51917"},{"taxonomy":"post_tag","embeddable":true,"href":"https:\/\/nvnoticias.mx\/index.php\/wp-json\/wp\/v2\/tags?post=51917"}],"curies":[{"name":"wp","href":"https:\/\/api.w.org\/{rel}","templated":true}]}}