{"id":51804,"date":"2022-04-26T09:54:26","date_gmt":"2022-04-26T14:54:26","guid":{"rendered":"https:\/\/nvnoticias.mx\/?p=51804"},"modified":"2022-04-26T09:54:28","modified_gmt":"2022-04-26T14:54:28","slug":"mexico-esta-transitando-a-estado-endemico-de-covid-lopez-gatell","status":"publish","type":"post","link":"https:\/\/nvnoticias.mx\/index.php\/2022\/04\/26\/mexico-esta-transitando-a-estado-endemico-de-covid-lopez-gatell\/","title":{"rendered":"M\u00e9xico est\u00e1 transitando a estado end\u00e9mico de covid: L\u00f3pez-Gatell"},"content":{"rendered":"\n<p><strong>M\u00e9xico\u00a0<\/strong>est\u00e1 cerrando su ciclo\u00a0<strong>epid\u00e9mico\u00a0<\/strong>y transitando al estado\u00a0<strong>end\u00e9mico<\/strong> de la pandemia de\u00a0<strong>COVID-19<\/strong>, asegur\u00f3 el subsecretario de Salud, Hugo L\u00f3pez-Gatell.<\/p>\n\n\n\n<p>Durante la conferencia de prensa matutina de este martes, el funcionario detall\u00f3 que la<strong>\u00a0Organizaci\u00f3n Mundial de la Salud<\/strong>\u00a0analiza<strong>\u00a0cuatro criterios<\/strong>\u00a0para identificar el fin de un estado epid\u00e9mico, criterios que,\u00a0<strong>a falta de una declaraci\u00f3n formal de la OMS<\/strong>, M\u00e9xico ya cumple:<\/p>\n\n\n\n<p>Alta capacidad de respuesta [<strong>Ocupaci\u00f3n hospitalaria del dos por ciento<\/strong>]<\/p>\n\n\n\n<p>Alta cobertura de vacunaci\u00f3n [<strong>90 por ciento de cobertura en personas mayores de 18 a\u00f1os<\/strong>]<\/p>\n\n\n\n<p>Muy pocos fallecidos detectados [<strong>Promedio de 4 muertes por d\u00eda]<\/strong><\/p>\n\n\n\n<p>Pocos casos positivos detectados [<strong>Promedio de 292 contagios por d\u00edas<\/strong>]<\/p>\n\n\n\n<blockquote class=\"wp-block-quote is-layout-flow wp-block-quote-is-layout-flow\"><p>\u201c<strong>El virus SARS-CoV-2 no se va a ir de la humanidad<\/strong>, como no se ha ido casi ninguno de los virus respiratorios que han causado epidemias, incluida la influencia. Y\u00a0<strong>tenemos que transitar ya\u00a0<\/strong>del estado\u00a0<strong>epid\u00e9mico<\/strong>\u00a0que nos mantiene con una serie de medidas especiales, a un estado de vivir con el virus en sus caracter\u00edsticas, ese estado t\u00e9cnicamente le llamamos\u00a0<strong>end\u00e9mico<\/strong>; es decir,\u00a0<strong>ya vivir con el virus<\/strong>\u201d, afirm\u00f3.<\/p><\/blockquote>\n\n\n\n<p>\u201c<strong>Con base en estos criterios<\/strong>, aunque a\u00fan todav\u00eda est\u00e1n por formalizarse por la OMS<strong>, podemos identificar que en M\u00e9xico estamos ya cerrando el ciclo epid\u00e9mico<\/strong>\u00a0y transitando al estado end\u00e9mico\u201d, asever\u00f3 L\u00f3pez-Gatell.<\/p>\n\n\n\n<p>En este contexto, el responsable de la pandemia en M\u00e9xico puntualiz\u00f3 que los<strong>&nbsp;virus respiratorios&nbsp;<\/strong>tienen<strong>&nbsp;fluctuaciones y cambios<\/strong>&nbsp;que dependen de las estaciones del a\u00f1o.<\/p>\n\n\n\n<blockquote class=\"wp-block-quote is-layout-flow wp-block-quote-is-layout-flow\"><p>\u201cDurante la\u00a0<strong>temporada de calor<\/strong>\u00a0bajan los contagios y durante la\u00a0<strong>temporada de fr\u00edo\u00a0<\/strong>suben los contagios. La influencia es el modelo m\u00e1s caracter\u00edstico y\u00a0<strong>es muy probable que COVID-19 empiece a comportase de esta manera<\/strong>, con veranos de baja trasmisi\u00f3n y oto\u00f1os e inviernos de transmisi\u00f3n m\u00e1s importante\u201d, adelant\u00f3.<\/p><\/blockquote>\n\n\n\n<p>Fuente:<a href=\"https:\/\/www.elfinanciero.com.mx\/nacional\/2022\/04\/26\/mexico-esta-transitando-a-estado-endemico-del-covid-lopez-gatell\/\" data-type=\"URL\" data-id=\"https:\/\/www.elfinanciero.com.mx\/nacional\/2022\/04\/26\/mexico-esta-transitando-a-estado-endemico-del-covid-lopez-gatell\/\"> El Financiero<\/a> <\/p>\n","protected":false},"excerpt":{"rendered":"<p>M\u00e9xico\u00a0est\u00e1 cerrando su ciclo\u00a0epid\u00e9mico\u00a0y transitando al estado\u00a0end\u00e9mico de la pandemia de\u00a0COVID-19, asegur\u00f3 el subsecretario de Salud, Hugo L\u00f3pez-Gatell. Durante la conferencia de prensa matutina de este martes, el funcionario detall\u00f3 que la\u00a0Organizaci\u00f3n Mundial de la Salud\u00a0analiza\u00a0cuatro criterios\u00a0para identificar el fin de un estado epid\u00e9mico, criterios que,\u00a0a falta de una declaraci\u00f3n formal de la OMS, M\u00e9xico [&hellip;]<\/p>\n","protected":false},"author":35,"featured_media":15818,"comment_status":"open","ping_status":"open","sticky":false,"template":"","format":"standard","meta":{"_monsterinsights_skip_tracking":false,"_monsterinsights_sitenote_active":false,"_monsterinsights_sitenote_note":"","_monsterinsights_sitenote_category":0,"footnotes":""},"categories":[157],"tags":[358,14006,314,1010,292,14005],"class_list":["post-51804","post","type-post","status-publish","format-standard","has-post-thumbnail","hentry","category-nacional","tag-covid","tag-endemico","tag-estado","tag-hugo-lopez-gatell","tag-mexico","tag-transitando","wp-image-borders"],"amp_enabled":true,"_links":{"self":[{"href":"https:\/\/nvnoticias.mx\/index.php\/wp-json\/wp\/v2\/posts\/51804","targetHints":{"allow":["GET"]}}],"collection":[{"href":"https:\/\/nvnoticias.mx\/index.php\/wp-json\/wp\/v2\/posts"}],"about":[{"href":"https:\/\/nvnoticias.mx\/index.php\/wp-json\/wp\/v2\/types\/post"}],"author":[{"embeddable":true,"href":"https:\/\/nvnoticias.mx\/index.php\/wp-json\/wp\/v2\/users\/35"}],"replies":[{"embeddable":true,"href":"https:\/\/nvnoticias.mx\/index.php\/wp-json\/wp\/v2\/comments?post=51804"}],"version-history":[{"count":7,"href":"https:\/\/nvnoticias.mx\/index.php\/wp-json\/wp\/v2\/posts\/51804\/revisions"}],"predecessor-version":[{"id":51811,"href":"https:\/\/nvnoticias.mx\/index.php\/wp-json\/wp\/v2\/posts\/51804\/revisions\/51811"}],"wp:featuredmedia":[{"embeddable":true,"href":"https:\/\/nvnoticias.mx\/index.php\/wp-json\/wp\/v2\/media\/15818"}],"wp:attachment":[{"href":"https:\/\/nvnoticias.mx\/index.php\/wp-json\/wp\/v2\/media?parent=51804"}],"wp:term":[{"taxonomy":"category","embeddable":true,"href":"https:\/\/nvnoticias.mx\/index.php\/wp-json\/wp\/v2\/categories?post=51804"},{"taxonomy":"post_tag","embeddable":true,"href":"https:\/\/nvnoticias.mx\/index.php\/wp-json\/wp\/v2\/tags?post=51804"}],"curies":[{"name":"wp","href":"https:\/\/api.w.org\/{rel}","templated":true}]}}