{"id":51758,"date":"2022-04-25T17:44:51","date_gmt":"2022-04-25T22:44:51","guid":{"rendered":"https:\/\/nvnoticias.mx\/?p=51758"},"modified":"2022-04-25T17:44:52","modified_gmt":"2022-04-25T22:44:52","slug":"amlo-critica-a-candidata-en-hidalgo-por-sugerir-quitar-pensiones","status":"publish","type":"post","link":"https:\/\/nvnoticias.mx\/index.php\/2022\/04\/25\/amlo-critica-a-candidata-en-hidalgo-por-sugerir-quitar-pensiones\/","title":{"rendered":"AMLO critica a candidata en Hidalgo por sugerir quitar pensiones"},"content":{"rendered":"\n<p>El presidente de M\u00e9xico, Andr\u00e9s Manuel L\u00f3pez Obrador (AMLO), critic\u00f3 a la\u00a0candidata\u00a0del PRI a la gubernatura de\u00a0Hidalgo, Carolina Viggiano, quien presuntamente sugiri\u00f3 eliminar las\u00a0pensiones\u00a0para adultos mayores.<\/p>\n\n\n\n<p>En la\u00a0ma\u00f1anera\u00a0de hoy 25 abril,\u00a0AMLO\u00a0habl\u00f3 sobre esta sugerencia de la\u00a0candidata\u00a0en\u00a0Hidalgo.<\/p>\n\n\n\n<blockquote class=\"wp-block-quote is-layout-flow wp-block-quote-is-layout-flow\"><p>\u201c<em>Por eso no me extra\u00f1a lo que declar\u00f3 una\u00a0candidata\u00a0del PRI en\u00a0Hidalgo, no me extra\u00f1a, de que hay que quitar las\u00a0pensiones\u00a0a los adultos mayores. Fue sincera<\/em>\u201d.<\/p><\/blockquote>\n\n\n\n<p>AMLO\u00a0record\u00f3 que cuando buscaba que las\u00a0pensiones\u00a0a adultos mayores se elevaran a rango constitucional, la oposici\u00f3n vot\u00f3 en contra.<\/p>\n\n\n\n<blockquote class=\"wp-block-quote is-layout-flow wp-block-quote-is-layout-flow\"><p>\u201c<em>Cuando se estableci\u00f3 de que iba a convertirse en un derecho constitucional la pensi\u00f3n a los adultos mayores, todos los del PAN votaron en contra. Pero no me extra\u00f1a, porque para ellos eso es populismo, paternalismo<\/em>\u201d.<\/p><\/blockquote>\n\n\n\n<blockquote class=\"wp-block-quote is-layout-flow wp-block-quote-is-layout-flow\"><p>\u201c<em>Dice la se\u00f1ora: \u2018Hay que quitar las\u00a0pensiones\u00a0y hay que destinar ese dinero a las carreteras\u2019. Pues eso era lo que hac\u00edan antes, nada m\u00e1s que no lo destinaban a las carreteras, se robaban el dinero, y ahora cada adulto mayor tiene su apoyo<\/em>\u201d, explic\u00f3\u00a0AMLO\u00a0.<\/p><\/blockquote>\n\n\n\n<h4 class=\"wp-block-heading\">Candidata en Hidalgo responde a AMLO sobre dichos de pensiones<\/h4>\n\n\n\n<p>Carolina Viggiano\u00a0public\u00f3 en sus redes sociales un video en el que responde a\u00a0AMLO\u00a0y sus dichos sobre las\u00a0pensiones\u00a0de adultos mayores.<\/p>\n\n\n\n<p>La\u00a0candidata\u00a0del PRI, PAN y PRD a la gubernatura de\u00a0Hidalgo\u00a0en las elecciones 2022 asegur\u00f3 que el video del que habla\u00a0AMLO\u00a0se edit\u00f3 y neg\u00f3 categ\u00f3ricamente que busque eliminar las\u00a0pensiones, por el contrario, dijo que trabajar\u00e1 para dar m\u00e1s beneficios a los adultos mayores.<\/p>\n\n\n\n<figure class=\"wp-block-embed is-type-rich is-provider-twitter wp-block-embed-twitter\"><div class=\"wp-block-embed__wrapper\">\n<blockquote class=\"twitter-tweet\" data-width=\"550\" data-dnt=\"true\"><p lang=\"es\" dir=\"ltr\">Se\u00f1or presidente, que no le mientan. En m\u00ed, siempre tendr\u00e1 una aliada para sumar esfuerzos por nuestra gente y por un <a href=\"https:\/\/twitter.com\/hashtag\/HidALGOMUCHOMEJOR?src=hash&amp;ref_src=twsrc%5Etfw\">#HidALGOMUCHOMEJOR<\/a>. Le dej\u00e9 mensaje con Laura Nieto, su secretaria particular, para platicar con usted cuando se le ofrezca. <a href=\"https:\/\/t.co\/fm9EiKeeiB\">pic.twitter.com\/fm9EiKeeiB<\/a><\/p>&mdash; Carolina Viggiano (@caroviggiano) <a href=\"https:\/\/twitter.com\/caroviggiano\/status\/1518647816142434305?ref_src=twsrc%5Etfw\">April 25, 2022<\/a><\/blockquote><script async src=\"https:\/\/platform.twitter.com\/widgets.js\" charset=\"utf-8\"><\/script>\n<\/div><\/figure>\n\n\n\n<blockquote class=\"wp-block-quote is-layout-flow wp-block-quote-is-layout-flow\"><p>\u201c<em>Yo no pienso quitar los programas sociales, menos las\u00a0pensiones\u00a0a adultos mayores, al contrario, yo le entro con usted para incrementar esos programas y que nuestros adultos mayores reciban muchos m\u00e1<\/em>s\u201d.<\/p><\/blockquote>\n\n\n\n<blockquote class=\"wp-block-quote is-layout-flow wp-block-quote-is-layout-flow\"><p><em>\u201cEn m\u00ed tendr\u00e1 una gobernadora con la que se va a entender, dispuesta a sumar esfuerzos en favor de nuestra gente, usted mirando por M\u00e9xico y yo, por\u00a0Hidalgo\u201d.<\/em><\/p><\/blockquote>\n\n\n\n<p>Fuente: <a href=\"https:\/\/www.tvazteca.com\/aztecanoticias\/pensiones-amlo-candidata-hidalgo-eb\">Azteca Noticias<\/a><\/p>\n","protected":false},"excerpt":{"rendered":"<p>El presidente de M\u00e9xico, Andr\u00e9s Manuel L\u00f3pez Obrador (AMLO), critic\u00f3 a la\u00a0candidata\u00a0del PRI a la gubernatura de\u00a0Hidalgo, Carolina Viggiano, quien presuntamente sugiri\u00f3 eliminar las\u00a0pensiones\u00a0para adultos mayores. En la\u00a0ma\u00f1anera\u00a0de hoy 25 abril,\u00a0AMLO\u00a0habl\u00f3 sobre esta sugerencia de la\u00a0candidata\u00a0en\u00a0Hidalgo. \u201cPor eso no me extra\u00f1a lo que declar\u00f3 una\u00a0candidata\u00a0del PRI en\u00a0Hidalgo, no me extra\u00f1a, de que hay que quitar [&hellip;]<\/p>\n","protected":false},"author":8,"featured_media":51759,"comment_status":"open","ping_status":"open","sticky":false,"template":"","format":"standard","meta":{"_monsterinsights_skip_tracking":false,"_monsterinsights_sitenote_active":false,"_monsterinsights_sitenote_note":"","_monsterinsights_sitenote_category":0,"footnotes":""},"categories":[158],"tags":[188,563,2193,2025],"class_list":["post-51758","post","type-post","status-publish","format-standard","has-post-thumbnail","hentry","category-politica","tag-amlo","tag-candidata","tag-hidalgo","tag-pensiones","wp-image-borders"],"amp_enabled":true,"_links":{"self":[{"href":"https:\/\/nvnoticias.mx\/index.php\/wp-json\/wp\/v2\/posts\/51758","targetHints":{"allow":["GET"]}}],"collection":[{"href":"https:\/\/nvnoticias.mx\/index.php\/wp-json\/wp\/v2\/posts"}],"about":[{"href":"https:\/\/nvnoticias.mx\/index.php\/wp-json\/wp\/v2\/types\/post"}],"author":[{"embeddable":true,"href":"https:\/\/nvnoticias.mx\/index.php\/wp-json\/wp\/v2\/users\/8"}],"replies":[{"embeddable":true,"href":"https:\/\/nvnoticias.mx\/index.php\/wp-json\/wp\/v2\/comments?post=51758"}],"version-history":[{"count":1,"href":"https:\/\/nvnoticias.mx\/index.php\/wp-json\/wp\/v2\/posts\/51758\/revisions"}],"predecessor-version":[{"id":51760,"href":"https:\/\/nvnoticias.mx\/index.php\/wp-json\/wp\/v2\/posts\/51758\/revisions\/51760"}],"wp:featuredmedia":[{"embeddable":true,"href":"https:\/\/nvnoticias.mx\/index.php\/wp-json\/wp\/v2\/media\/51759"}],"wp:attachment":[{"href":"https:\/\/nvnoticias.mx\/index.php\/wp-json\/wp\/v2\/media?parent=51758"}],"wp:term":[{"taxonomy":"category","embeddable":true,"href":"https:\/\/nvnoticias.mx\/index.php\/wp-json\/wp\/v2\/categories?post=51758"},{"taxonomy":"post_tag","embeddable":true,"href":"https:\/\/nvnoticias.mx\/index.php\/wp-json\/wp\/v2\/tags?post=51758"}],"curies":[{"name":"wp","href":"https:\/\/api.w.org\/{rel}","templated":true}]}}