{"id":51754,"date":"2022-04-25T16:29:12","date_gmt":"2022-04-25T21:29:12","guid":{"rendered":"https:\/\/nvnoticias.mx\/?p=51754"},"modified":"2022-04-25T16:29:13","modified_gmt":"2022-04-25T21:29:13","slug":"discutiran-diputados-derogacion-del-horario-de-verano-el-miercoles","status":"publish","type":"post","link":"https:\/\/nvnoticias.mx\/index.php\/2022\/04\/25\/discutiran-diputados-derogacion-del-horario-de-verano-el-miercoles\/","title":{"rendered":"Discutir\u00e1n diputados derogaci\u00f3n del horario de verano el mi\u00e9rcoles"},"content":{"rendered":"\n<p>La Junta de Coordinaci\u00f3n Pol\u00edtica de la C\u00e1mara de Diputados acord\u00f3 discutir y votar la derogaci\u00f3n del horario de verano en su sesi\u00f3n del pr\u00f3ximo mi\u00e9rcoles. <\/p>\n\n\n\n<blockquote class=\"wp-block-quote is-layout-flow wp-block-quote-is-layout-flow\"><p>\u201cHay un acuerdo para que suba a la discusi\u00f3n en el pleno y, en todo caso, se haga ah\u00ed una valoraci\u00f3n; existen propuestas que se han presentado exactamente en funci\u00f3n de que se derogue el horario de verano, est\u00e1n en el estudio en las comisiones pertinentes, aqu\u00ed mismo en la Junta de Coordinaci\u00f3n Pol\u00edtica, y se subir\u00e1 a pleno\u201d, se\u00f1al\u00f3 la diputada Elizabeth P\u00e9rez, vicecoordinadora del PRD en el Palacio de San L\u00e1zaro. <\/p><\/blockquote>\n\n\n\n<p>Los grupos parlamentarios de Morena, PT y PRD presentaron durante la \u00faltimas semanas sus respectivas iniciativas para eliminar el cambio de horario, por considerar que dicha medida no contribuye al ahorro de energ\u00eda el\u00e9ctrica y, en cambio, genera afectaciones a la salud.<\/p>\n\n\n\n<p> En su reuni\u00f3n de trabajo de este lunes, los coordinadores de los siete grupos parlamentarios definieron hoy los temas a desahogar durante las tres \u00faltimas sesiones del actual periodo ordinario que se prev\u00e9 clausurar el jueves 28 de abril. <\/p>\n\n\n\n<p>Entre los asuntos enlistados para su discusi\u00f3n y votaci\u00f3n destacan igualmente la creaci\u00f3n del Registro de Personas Desaparecidas, a propuesta del presidente Andr\u00e9s Manuel L\u00f3pez Obrador, as\u00ed como la prohibici\u00f3n del matrimonio infantil y la tipificaci\u00f3n del feminicidio en grado de tentativa para la sesi\u00f3n del martes 26. <\/p>\n\n\n\n<p>Para el mi\u00e9rcoles 27 se consideraron, adem\u00e1s de la derogaci\u00f3n del horario de verano, las pensiones en caso de concubinato, la minuta senatorial en materia de impuestos a la exportaci\u00f3n e importaci\u00f3n y la reforma al sistema de carrera magisterial en materia de libertad sindical. <\/p>\n\n\n\n<p>El orden del d\u00eda acordado parta la sesi\u00f3n del jueves 28 prev\u00e9 a su vez reformas a la Ley Telecomunicaciones sobre c\u00f3digos de \u00e9tica, la nueva Ley General Comunicaci\u00f3n Social, la Ley Nacional Registros Civiles, la integraci\u00f3n de la Comisi\u00f3n Permanente y la clausura del periodo ordinario. <\/p>\n\n\n\n<p>Fuente: <a href=\"https:\/\/www.milenio.com\/politica\/diputados-discutiran-derogacion-horario-verano-miercoles\" data-type=\"URL\" data-id=\"https:\/\/www.milenio.com\/politica\/diputados-discutiran-derogacion-horario-verano-miercoles\">Milenio<\/a><\/p>\n","protected":false},"excerpt":{"rendered":"<p>La Junta de Coordinaci\u00f3n Pol\u00edtica de la C\u00e1mara de Diputados acord\u00f3 discutir y votar la derogaci\u00f3n del horario de verano en su sesi\u00f3n del pr\u00f3ximo mi\u00e9rcoles. \u201cHay un acuerdo para que suba a la discusi\u00f3n en el pleno y, en todo caso, se haga ah\u00ed una valoraci\u00f3n; existen propuestas que se han presentado exactamente en [&hellip;]<\/p>\n","protected":false},"author":35,"featured_media":23264,"comment_status":"open","ping_status":"open","sticky":false,"template":"","format":"standard","meta":{"_monsterinsights_skip_tracking":false,"_monsterinsights_sitenote_active":false,"_monsterinsights_sitenote_note":"","_monsterinsights_sitenote_category":0,"footnotes":""},"categories":[158],"tags":[13992,566,13991,6988],"class_list":["post-51754","post","type-post","status-publish","format-standard","has-post-thumbnail","hentry","category-politica","tag-derogacion","tag-diputados","tag-discutiran","tag-horario-de-verano","wp-image-borders"],"amp_enabled":true,"_links":{"self":[{"href":"https:\/\/nvnoticias.mx\/index.php\/wp-json\/wp\/v2\/posts\/51754","targetHints":{"allow":["GET"]}}],"collection":[{"href":"https:\/\/nvnoticias.mx\/index.php\/wp-json\/wp\/v2\/posts"}],"about":[{"href":"https:\/\/nvnoticias.mx\/index.php\/wp-json\/wp\/v2\/types\/post"}],"author":[{"embeddable":true,"href":"https:\/\/nvnoticias.mx\/index.php\/wp-json\/wp\/v2\/users\/35"}],"replies":[{"embeddable":true,"href":"https:\/\/nvnoticias.mx\/index.php\/wp-json\/wp\/v2\/comments?post=51754"}],"version-history":[{"count":1,"href":"https:\/\/nvnoticias.mx\/index.php\/wp-json\/wp\/v2\/posts\/51754\/revisions"}],"predecessor-version":[{"id":51755,"href":"https:\/\/nvnoticias.mx\/index.php\/wp-json\/wp\/v2\/posts\/51754\/revisions\/51755"}],"wp:featuredmedia":[{"embeddable":true,"href":"https:\/\/nvnoticias.mx\/index.php\/wp-json\/wp\/v2\/media\/23264"}],"wp:attachment":[{"href":"https:\/\/nvnoticias.mx\/index.php\/wp-json\/wp\/v2\/media?parent=51754"}],"wp:term":[{"taxonomy":"category","embeddable":true,"href":"https:\/\/nvnoticias.mx\/index.php\/wp-json\/wp\/v2\/categories?post=51754"},{"taxonomy":"post_tag","embeddable":true,"href":"https:\/\/nvnoticias.mx\/index.php\/wp-json\/wp\/v2\/tags?post=51754"}],"curies":[{"name":"wp","href":"https:\/\/api.w.org\/{rel}","templated":true}]}}