{"id":51729,"date":"2022-04-25T14:51:59","date_gmt":"2022-04-25T19:51:59","guid":{"rendered":"https:\/\/nvnoticias.mx\/?p=51729"},"modified":"2022-04-25T14:52:01","modified_gmt":"2022-04-25T19:52:01","slug":"realizan-locatarios-y-ayuntamiento-renovacion-integral-de-la-plaza-clavijero","status":"publish","type":"post","link":"https:\/\/nvnoticias.mx\/index.php\/2022\/04\/25\/realizan-locatarios-y-ayuntamiento-renovacion-integral-de-la-plaza-clavijero\/","title":{"rendered":"Realizan locatarios y Ayuntamiento renovaci\u00f3n integral de la Plaza Clavijero"},"content":{"rendered":"\n<p>Xalapa, Ver.- Con el fin de que los mercados y plazas comerciales de Xalapa sean lugares seguros y dignos que favorezcan la reactivaci\u00f3n econ\u00f3mica, el Ayuntamiento de Xalapa, en coordinaci\u00f3n con locatarios de la Plaza Clavijero realiza trabajos de remodelaci\u00f3n y renovaci\u00f3n integral en este lugar, los cuales incluyen desde acciones de limpieza hasta instalaci\u00f3n de juegos infantiles y la sustituci\u00f3n de luminarias, inform\u00f3 el director de Desarrollo Econ\u00f3mico, Alberto Romero Guti\u00e9rrez.<\/p>\n\n\n\n<p>El funcionario expuso que en cumplimiento a la indicaci\u00f3n del alcalde Ricardo Ahued Bardahuil, la pr\u00f3xima semana se concluir\u00edan los trabajos que incluyen el cambio de 30 l\u00e1mparas, realizado por la Direcci\u00f3n de Alumbrado P\u00fablico.<\/p>\n\n\n\n<p>Adem\u00e1s, con apoyo de los comerciantes se llev\u00f3 a cabo una limpieza integral del lugar, que consider\u00f3 acciones de descacharrizaci\u00f3n y pintura.<\/p>\n\n\n\n<p>El Director de Desarrollo Econ\u00f3mico inform\u00f3 que tambi\u00e9n se instal\u00f3 un centro de c\u00f3mputo que cuenta con cuatro equipos con acceso a Internet y un sistema de impresi\u00f3n para que los hijos de los trabajadores realicen sus actividades escolares.<\/p>\n\n\n\n<figure class=\"wp-block-image size-large\"><img loading=\"lazy\" decoding=\"async\" width=\"1024\" height=\"655\" src=\"https:\/\/nvnoticias.mx\/wp-content\/uploads\/2022\/04\/WhatsApp-Image-2022-04-25-at-2.22.37-PM-1024x655.jpeg\" alt=\"\" class=\"wp-image-51730\" srcset=\"https:\/\/nvnoticias.mx\/wp-content\/uploads\/2022\/04\/WhatsApp-Image-2022-04-25-at-2.22.37-PM-1024x655.jpeg 1024w, https:\/\/nvnoticias.mx\/wp-content\/uploads\/2022\/04\/WhatsApp-Image-2022-04-25-at-2.22.37-PM-300x192.jpeg 300w, https:\/\/nvnoticias.mx\/wp-content\/uploads\/2022\/04\/WhatsApp-Image-2022-04-25-at-2.22.37-PM-768x491.jpeg 768w, https:\/\/nvnoticias.mx\/wp-content\/uploads\/2022\/04\/WhatsApp-Image-2022-04-25-at-2.22.37-PM.jpeg 1280w\" sizes=\"auto, (max-width: 1024px) 100vw, 1024px\" \/><\/figure>\n\n\n\n<p>Aunado a ello se cre\u00f3 un \u00e1rea de juegos infantiles en la parte alta de la plaza para los hijos de los clientes, y se acord\u00f3 poner a disposici\u00f3n de la gente que compra en este lugar cuatro sillas de ruedas y otro n\u00famero igual de carritos para facilitar el desplazamiento de personas con discapacidad y ni\u00f1os peque\u00f1os.<\/p>\n\n\n\n<p>Como parte de las acciones que est\u00e1n por concluir, tambi\u00e9n se efectu\u00f3 el reordenamiento de pasillos para liberarlos y permitir un mejor acceso y recorrido. Incluso, se cre\u00f3 un Comit\u00e9 de Vigilancia para que los vendedores garanticen que no se reduzcan los pasillos con la colocaci\u00f3n de mercanc\u00eda u otros objetos.<\/p>\n\n\n\n<figure class=\"wp-block-image size-large\"><img loading=\"lazy\" decoding=\"async\" width=\"1024\" height=\"653\" src=\"https:\/\/nvnoticias.mx\/wp-content\/uploads\/2022\/04\/WhatsApp-Image-2022-04-25-at-2.22.36-PM-1024x653.jpeg\" alt=\"\" class=\"wp-image-51731\" srcset=\"https:\/\/nvnoticias.mx\/wp-content\/uploads\/2022\/04\/WhatsApp-Image-2022-04-25-at-2.22.36-PM-1024x653.jpeg 1024w, https:\/\/nvnoticias.mx\/wp-content\/uploads\/2022\/04\/WhatsApp-Image-2022-04-25-at-2.22.36-PM-300x191.jpeg 300w, https:\/\/nvnoticias.mx\/wp-content\/uploads\/2022\/04\/WhatsApp-Image-2022-04-25-at-2.22.36-PM-768x490.jpeg 768w, https:\/\/nvnoticias.mx\/wp-content\/uploads\/2022\/04\/WhatsApp-Image-2022-04-25-at-2.22.36-PM.jpeg 1280w\" sizes=\"auto, (max-width: 1024px) 100vw, 1024px\" \/><\/figure>\n\n\n\n<p>Este Comit\u00e9, cuyo modelo podr\u00eda replicarse en otros espacios comerciales de la ciudad, tambi\u00e9n se encargar\u00e1 de verificar que los vendedores no tiren basura en el interior de la plaza y tengan un comportamiento adecuado, pues eso atraer\u00e1 m\u00e1s clientes.<\/p>\n\n\n\n<p>Alberto Romero manifest\u00f3 que aunado a ello se har\u00e1 la renovaci\u00f3n de la fachada, con lo que la Plaza Clavijero se convertir\u00eda en un modelo y referente estatal en cuanto a espacios comerciales.<\/p>\n\n\n\n<p>De hecho, agreg\u00f3, representantes de otros lugares se han acercado al Ayuntamiento porque les interesa realizar acciones como \u00e9stas en sus espacios, independientemente de que en diversos mercados como la Central de Abasto y el Rend\u00f3n ya se han efectuado labores de limpieza, descacharrizaci\u00f3n y fumigaci\u00f3n.<\/p>\n\n\n\n<p>Por su parte, locatarios de la plaza Clavijero agradecieron a las autoridades municipales las acciones de mejoramiento y dignificaci\u00f3n realizadas.<\/p>\n\n\n\n<p>Aureliano Amaro Morales expuso que anteriormente, el espacio estaba abandonado, pues no se hab\u00edan hecho trabajos de este tipo: \u201cTodo el cambio que se ha visto es gracias al municipio, al alcalde Ricardo Ahued Bardahuil. La verdad la plaza estuvo descuidada por a\u00f1os\u201d.<\/p>\n\n\n\n<p>Incluso, dijo, los clientes ten\u00edan desconfianza de entrar a la plaza a hacer sus compras: \u201cAhora afortunadamente, se le est\u00e1 dando otra imagen. Hay m\u00e1s seguridad, los mismos clientes nos han dicho: se ve el cambio\u201d.<\/p>\n\n\n\n<p>Anabel Hern\u00e1ndez Rivas tambi\u00e9n reconoci\u00f3 el apoyo brindado para la remodelaci\u00f3n de la plaza que permite a los locatarios tener mejores espacios, ofrecer una mejor atenci\u00f3n a los clientes y brindarles seguridad y confianza para hacer sus compras.<\/p>\n\n\n\n<figure class=\"wp-block-image size-large\"><img loading=\"lazy\" decoding=\"async\" width=\"686\" height=\"1024\" src=\"https:\/\/nvnoticias.mx\/wp-content\/uploads\/2022\/04\/WhatsApp-Image-2022-04-25-at-2.22.36-PM-1-1-686x1024.jpeg\" alt=\"\" class=\"wp-image-51733\" srcset=\"https:\/\/nvnoticias.mx\/wp-content\/uploads\/2022\/04\/WhatsApp-Image-2022-04-25-at-2.22.36-PM-1-1-686x1024.jpeg 686w, https:\/\/nvnoticias.mx\/wp-content\/uploads\/2022\/04\/WhatsApp-Image-2022-04-25-at-2.22.36-PM-1-1-201x300.jpeg 201w, https:\/\/nvnoticias.mx\/wp-content\/uploads\/2022\/04\/WhatsApp-Image-2022-04-25-at-2.22.36-PM-1-1-768x1146.jpeg 768w, https:\/\/nvnoticias.mx\/wp-content\/uploads\/2022\/04\/WhatsApp-Image-2022-04-25-at-2.22.36-PM-1-1.jpeg 858w\" sizes=\"auto, (max-width: 686px) 100vw, 686px\" \/><\/figure>\n","protected":false},"excerpt":{"rendered":"<p>Xalapa, Ver.- Con el fin de que los mercados y plazas comerciales de Xalapa sean lugares seguros y dignos que favorezcan la reactivaci\u00f3n econ\u00f3mica, el Ayuntamiento de Xalapa, en coordinaci\u00f3n con locatarios de la Plaza Clavijero realiza trabajos de remodelaci\u00f3n y renovaci\u00f3n integral en este lugar, los cuales incluyen desde acciones de limpieza hasta instalaci\u00f3n [&hellip;]<\/p>\n","protected":false},"author":8,"featured_media":51734,"comment_status":"open","ping_status":"open","sticky":false,"template":"","format":"standard","meta":{"_monsterinsights_skip_tracking":false,"_monsterinsights_sitenote_active":false,"_monsterinsights_sitenote_note":"","_monsterinsights_sitenote_category":0,"footnotes":""},"categories":[156],"tags":[10426,2925,12800],"class_list":["post-51729","post","type-post","status-publish","format-standard","has-post-thumbnail","hentry","category-estado","tag-ayuntamiento-de-xalapa","tag-locatarios","tag-plaza-clavijero","wp-image-borders"],"amp_enabled":true,"_links":{"self":[{"href":"https:\/\/nvnoticias.mx\/index.php\/wp-json\/wp\/v2\/posts\/51729","targetHints":{"allow":["GET"]}}],"collection":[{"href":"https:\/\/nvnoticias.mx\/index.php\/wp-json\/wp\/v2\/posts"}],"about":[{"href":"https:\/\/nvnoticias.mx\/index.php\/wp-json\/wp\/v2\/types\/post"}],"author":[{"embeddable":true,"href":"https:\/\/nvnoticias.mx\/index.php\/wp-json\/wp\/v2\/users\/8"}],"replies":[{"embeddable":true,"href":"https:\/\/nvnoticias.mx\/index.php\/wp-json\/wp\/v2\/comments?post=51729"}],"version-history":[{"count":1,"href":"https:\/\/nvnoticias.mx\/index.php\/wp-json\/wp\/v2\/posts\/51729\/revisions"}],"predecessor-version":[{"id":51735,"href":"https:\/\/nvnoticias.mx\/index.php\/wp-json\/wp\/v2\/posts\/51729\/revisions\/51735"}],"wp:featuredmedia":[{"embeddable":true,"href":"https:\/\/nvnoticias.mx\/index.php\/wp-json\/wp\/v2\/media\/51734"}],"wp:attachment":[{"href":"https:\/\/nvnoticias.mx\/index.php\/wp-json\/wp\/v2\/media?parent=51729"}],"wp:term":[{"taxonomy":"category","embeddable":true,"href":"https:\/\/nvnoticias.mx\/index.php\/wp-json\/wp\/v2\/categories?post=51729"},{"taxonomy":"post_tag","embeddable":true,"href":"https:\/\/nvnoticias.mx\/index.php\/wp-json\/wp\/v2\/tags?post=51729"}],"curies":[{"name":"wp","href":"https:\/\/api.w.org\/{rel}","templated":true}]}}