{"id":51679,"date":"2022-04-25T12:45:50","date_gmt":"2022-04-25T17:45:50","guid":{"rendered":"https:\/\/nvnoticias.mx\/?p=51679"},"modified":"2022-04-25T12:45:52","modified_gmt":"2022-04-25T17:45:52","slug":"destaca-ebrard-entereza-y-patriotismo-de-amlo","status":"publish","type":"post","link":"https:\/\/nvnoticias.mx\/index.php\/2022\/04\/25\/destaca-ebrard-entereza-y-patriotismo-de-amlo\/","title":{"rendered":"Destaca Ebrard entereza y patriotismo de AMLO"},"content":{"rendered":"\n<p>El secretario de Relaciones Exteriores (SRE),\u00a0<strong>Marcelo Ebrard<\/strong>\u00a0destac\u00f3 el actuar del presidente<strong>\u00a0Andr\u00e9s Manuel L\u00f3pez Obrador<\/strong>\u00a0ante &#8220;momentos cr\u00edticos&#8221; y\u00a0rechaz\u00f3 los dichos del expresidente de Estados Unidos,\u00a0<strong>Donald Trump<\/strong>, quien\u00a0asegur\u00f3 que &#8220;d\u00f3blo&#8221; al gobierno de M\u00e9xico en materia migratoria.\u00a0<\/p>\n\n\n\n<p>Luego de que este domingo el republicano resalt\u00f3 que en su administraci\u00f3n se &#8220;dobleg\u00f3&#8221; al gobierno de L\u00f3pez Obrador para que se colocaran 28 mil elementos de la Guardia Nacional en la frontera sur para frenar la migraci\u00f3n, el canciller enumer\u00f3 acciones del primer\u00a0<\/p>\n\n\n\n<p>En su cuenta de Twitter, el titular de la SRE puso de ejemplo que durante la presi\u00f3n del gobierno de Donald Trump\u00a0sobre la imposici\u00f3n de\u00a0<strong>aranceles<\/strong>, L\u00f3pez Obrador rechaz\u00f3 hacer de M\u00e9xico un &#8220;tercer pa\u00eds seguro&#8221;, condici\u00f3n que solicit\u00f3 Estados Unidos para detener el incremento en los impuestos.<\/p>\n\n\n\n<p>Asegur\u00f3 que gracias a la &#8220;entereza&#8221; del jefe del Ejecutivo federal fue posible excluir el cap\u00edtulo de integraci\u00f3n energ\u00e9tica en el Tratado entre M\u00e9xico, Estados Unidos y Canad\u00e1, que ya se hab\u00eda negociado con el equipo del gobierno saliente, y que &#8220;de haberse&nbsp;aceptado ser\u00eda imposible la autonom\u00eda que hoy tenemos&#8221;.<\/p>\n\n\n\n<p>De no ser por el presidente L\u00f3pez Obrador, M\u00e9xico tampoco habr\u00eda podido diferir en su posici\u00f3n respecto a la relaci\u00f3n entre Venezuela y Estados Unidos, y no se hubiese podido\u00a0rescatar a\u00a0<strong>Evo Morales<\/strong>, expresidente de Bolivia, cuando fue exiliado de su pa\u00eds, dijo Ebrard.<\/p>\n\n\n\n<blockquote class=\"twitter-tweet\"><p lang=\"es\" dir=\"ltr\">En cuanto a las declaraciones del ex-presidente Trump me consta el patriotismo del Presidente Lopez Obrador en aquellos momentos cr\u00edticos. Ante la amenaza de aranceles no acept\u00f3 el tercer pais seguro que era la condici\u00f3n de EU para no imponerlos. Abro hilo<\/p>&mdash; Marcelo Ebrard C. (@m_ebrard) <a href=\"https:\/\/twitter.com\/m_ebrard\/status\/1518585271008337921?ref_src=twsrc%5Etfw\">April 25, 2022<\/a><\/blockquote> <script async src=\"https:\/\/platform.twitter.com\/widgets.js\" charset=\"utf-8\"><\/script>\n\n\n\n<p>Fuente: <a href=\"https:\/\/www.eluniversal.com.mx\/nacion\/ebrard-destaca-entereza-y-patriotismo-de-amlo-frente-gobierno-de-trump\" data-type=\"URL\" data-id=\"https:\/\/www.eluniversal.com.mx\/nacion\/ebrard-destaca-entereza-y-patriotismo-de-amlo-frente-gobierno-de-trump\">El Universal<\/a><\/p>\n","protected":false},"excerpt":{"rendered":"<p>El secretario de Relaciones Exteriores (SRE),\u00a0Marcelo Ebrard\u00a0destac\u00f3 el actuar del presidente\u00a0Andr\u00e9s Manuel L\u00f3pez Obrador\u00a0ante &#8220;momentos cr\u00edticos&#8221; y\u00a0rechaz\u00f3 los dichos del expresidente de Estados Unidos,\u00a0Donald Trump, quien\u00a0asegur\u00f3 que &#8220;d\u00f3blo&#8221; al gobierno de M\u00e9xico en materia migratoria.\u00a0 Luego de que este domingo el republicano resalt\u00f3 que en su administraci\u00f3n se &#8220;dobleg\u00f3&#8221; al gobierno de L\u00f3pez Obrador para [&hellip;]<\/p>\n","protected":false},"author":35,"featured_media":14758,"comment_status":"open","ping_status":"open","sticky":false,"template":"","format":"standard","meta":{"_monsterinsights_skip_tracking":false,"_monsterinsights_sitenote_active":false,"_monsterinsights_sitenote_note":"","_monsterinsights_sitenote_category":0,"footnotes":""},"categories":[158],"tags":[188,10555,13969,391,13970],"class_list":["post-51679","post","type-post","status-publish","format-standard","has-post-thumbnail","hentry","category-politica","tag-amlo","tag-destaca","tag-entereza","tag-marcelo-ebrard","tag-patriotismo","wp-image-borders"],"amp_enabled":true,"_links":{"self":[{"href":"https:\/\/nvnoticias.mx\/index.php\/wp-json\/wp\/v2\/posts\/51679","targetHints":{"allow":["GET"]}}],"collection":[{"href":"https:\/\/nvnoticias.mx\/index.php\/wp-json\/wp\/v2\/posts"}],"about":[{"href":"https:\/\/nvnoticias.mx\/index.php\/wp-json\/wp\/v2\/types\/post"}],"author":[{"embeddable":true,"href":"https:\/\/nvnoticias.mx\/index.php\/wp-json\/wp\/v2\/users\/35"}],"replies":[{"embeddable":true,"href":"https:\/\/nvnoticias.mx\/index.php\/wp-json\/wp\/v2\/comments?post=51679"}],"version-history":[{"count":1,"href":"https:\/\/nvnoticias.mx\/index.php\/wp-json\/wp\/v2\/posts\/51679\/revisions"}],"predecessor-version":[{"id":51682,"href":"https:\/\/nvnoticias.mx\/index.php\/wp-json\/wp\/v2\/posts\/51679\/revisions\/51682"}],"wp:featuredmedia":[{"embeddable":true,"href":"https:\/\/nvnoticias.mx\/index.php\/wp-json\/wp\/v2\/media\/14758"}],"wp:attachment":[{"href":"https:\/\/nvnoticias.mx\/index.php\/wp-json\/wp\/v2\/media?parent=51679"}],"wp:term":[{"taxonomy":"category","embeddable":true,"href":"https:\/\/nvnoticias.mx\/index.php\/wp-json\/wp\/v2\/categories?post=51679"},{"taxonomy":"post_tag","embeddable":true,"href":"https:\/\/nvnoticias.mx\/index.php\/wp-json\/wp\/v2\/tags?post=51679"}],"curies":[{"name":"wp","href":"https:\/\/api.w.org\/{rel}","templated":true}]}}