{"id":51676,"date":"2022-04-25T12:38:17","date_gmt":"2022-04-25T17:38:17","guid":{"rendered":"https:\/\/nvnoticias.mx\/?p=51676"},"modified":"2022-04-25T12:38:18","modified_gmt":"2022-04-25T17:38:18","slug":"yo-no-soy-rata-amlo","status":"publish","type":"post","link":"https:\/\/nvnoticias.mx\/index.php\/2022\/04\/25\/yo-no-soy-rata-amlo\/","title":{"rendered":"Yo no soy rata: AMLO"},"content":{"rendered":"\n<p>El presidente Andr\u00e9s Manuel L\u00f3pez Obrador asegur\u00f3 que no tiene ning\u00fan proveedor cercano que haya sido favorecido con compras millonarias del Instituto Mexicano del Seguro Social (IMSS),\u00a0 \u201cyo no soy rata\u201d. <\/p>\n\n\n\n<p>Luego de que un asistente a las ma\u00f1aneras acusara que el IMSS benefici\u00f3 a una empresa con compras de 800 millones de pesos en cubrebocas durante la pandemia y se\u00f1alara que el contratista es cercano al presidente o a su gabinete, el mandatario se desmarc\u00f3 y dijo que el director del IMSS, Zo\u00e9 Robledo, pod\u00eda aclarar la informaci\u00f3n.<\/p>\n\n\n\n<p>Se le pidi\u00f3 incluso la posibilidad de que la Auditor\u00eda Superior de la Federaci\u00f3n haga una investigaci\u00f3n y se presente en la ma\u00f1anera. \u00bfEl director del IMSS tendr\u00eda favoritismos, incluso los propietarios de algunas empresas que hicieron contratos son cercanos a usted (\u2026)? \u201cYo no tengo nadie cercano, proveedor\u201d, dijo. Usted no, pero s\u00ed los secretarios (\u2026) <\/p>\n\n\n\n<blockquote class=\"wp-block-quote is-layout-flow wp-block-quote-is-layout-flow\"><p>\u201cYo no soy rata. O sea y lo que est\u00e1s planteando lo puede aclarar el director del Seguro Social, Zo\u00e9 Robledo, con tu informaci\u00f3n\u201d. <\/p><\/blockquote>\n\n\n\n<p>Fuente: <a href=\"https:\/\/www.milenio.com\/politica\/amlo-niega-favoritismo-proveedores-compras-millonarias-imss\" data-type=\"URL\" data-id=\"https:\/\/www.milenio.com\/politica\/amlo-niega-favoritismo-proveedores-compras-millonarias-imss\">Milenio<\/a><\/p>\n","protected":false},"excerpt":{"rendered":"<p>El presidente Andr\u00e9s Manuel L\u00f3pez Obrador asegur\u00f3 que no tiene ning\u00fan proveedor cercano que haya sido favorecido con compras millonarias del Instituto Mexicano del Seguro Social (IMSS),\u00a0 \u201cyo no soy rata\u201d. Luego de que un asistente a las ma\u00f1aneras acusara que el IMSS benefici\u00f3 a una empresa con compras de 800 millones de pesos en [&hellip;]<\/p>\n","protected":false},"author":35,"featured_media":35643,"comment_status":"open","ping_status":"open","sticky":false,"template":"","format":"standard","meta":{"_monsterinsights_skip_tracking":false,"_monsterinsights_sitenote_active":false,"_monsterinsights_sitenote_note":"","_monsterinsights_sitenote_category":0,"footnotes":""},"categories":[157],"tags":[188,13968,365],"class_list":["post-51676","post","type-post","status-publish","format-standard","has-post-thumbnail","hentry","category-nacional","tag-amlo","tag-favoritismo","tag-imss","wp-image-borders"],"amp_enabled":true,"_links":{"self":[{"href":"https:\/\/nvnoticias.mx\/index.php\/wp-json\/wp\/v2\/posts\/51676","targetHints":{"allow":["GET"]}}],"collection":[{"href":"https:\/\/nvnoticias.mx\/index.php\/wp-json\/wp\/v2\/posts"}],"about":[{"href":"https:\/\/nvnoticias.mx\/index.php\/wp-json\/wp\/v2\/types\/post"}],"author":[{"embeddable":true,"href":"https:\/\/nvnoticias.mx\/index.php\/wp-json\/wp\/v2\/users\/35"}],"replies":[{"embeddable":true,"href":"https:\/\/nvnoticias.mx\/index.php\/wp-json\/wp\/v2\/comments?post=51676"}],"version-history":[{"count":1,"href":"https:\/\/nvnoticias.mx\/index.php\/wp-json\/wp\/v2\/posts\/51676\/revisions"}],"predecessor-version":[{"id":51678,"href":"https:\/\/nvnoticias.mx\/index.php\/wp-json\/wp\/v2\/posts\/51676\/revisions\/51678"}],"wp:featuredmedia":[{"embeddable":true,"href":"https:\/\/nvnoticias.mx\/index.php\/wp-json\/wp\/v2\/media\/35643"}],"wp:attachment":[{"href":"https:\/\/nvnoticias.mx\/index.php\/wp-json\/wp\/v2\/media?parent=51676"}],"wp:term":[{"taxonomy":"category","embeddable":true,"href":"https:\/\/nvnoticias.mx\/index.php\/wp-json\/wp\/v2\/categories?post=51676"},{"taxonomy":"post_tag","embeddable":true,"href":"https:\/\/nvnoticias.mx\/index.php\/wp-json\/wp\/v2\/tags?post=51676"}],"curies":[{"name":"wp","href":"https:\/\/api.w.org\/{rel}","templated":true}]}}