{"id":5167,"date":"2021-02-19T13:00:14","date_gmt":"2021-02-19T19:00:14","guid":{"rendered":"https:\/\/nvnoticias.mx\/?p=5167"},"modified":"2021-02-19T13:00:16","modified_gmt":"2021-02-19T19:00:16","slug":"miedo-y-ansiedad-pueden-condicionar-sintomas-falsos-de-covid-imss","status":"publish","type":"post","link":"https:\/\/nvnoticias.mx\/index.php\/2021\/02\/19\/miedo-y-ansiedad-pueden-condicionar-sintomas-falsos-de-covid-imss\/","title":{"rendered":"Miedo y ansiedad pueden condicionar s\u00edntomas falsos de covid: IMSS"},"content":{"rendered":"\n<p>Debido al confinamiento, miedo y ansiedad, las personas pueden condicionar s\u00edntomas falsos por COVID y tambi\u00e9n exagerarlos explic\u00f3 la psic\u00f3loga de la Unidad de Medicina Familiar (UMF) No 10, del Instituto Mexicano del Seguro Social (IMSS), en Veracruz Norte, Mar\u00eda de la Luz Ju\u00e1rez Eusebio.<\/p>\n\n\n\n<p>La hipocondr\u00eda es un trastorno mental que se caracteriza porque la persona cree estar cl\u00ednicamente enferma, ya que presenta de forma constante y obsesiva ansiedad, miedo irracional y tendencias a exagerar los malestares reales o imaginarios siendo un comportamiento m\u00e1s constante entre las personas ante la actual emergencia sanitaria por COVID-19.<\/p>\n\n\n\n<p>La ansiedad puede llegar a ocasionar dolor de cabeza, diarrea, cansancio, dificultad para respirar como opresi\u00f3n en el pecho, lo que puede facilitar la asociaci\u00f3n con la enfermedad; las personas que padecen el trastorno pueden pasar por cuadros m\u00e1s severos, complicando sus actividades diarias.<\/p>\n\n\n\n<p>Ju\u00e1rez Eusebio recomend\u00f3 mantener un control en la informaci\u00f3n que recibimos o buscamos con relaci\u00f3n a la enfermedad, esto con la intensi\u00f3n de que no se sugestionen y provocarles miedo, lo que puede impactar de forma severa en su salud mental.<\/p>\n\n\n\n<p>Para finalizar, coment\u00f3 que es importante buscar atenci\u00f3n m\u00e9dica para confirmar o descartar la presencia de la enfermedad y en caso de que el m\u00e9dico considere que la persona est\u00e1 pasando por un cuadro de ansiedad, que ocasiona la hipocondr\u00eda, lo derivar\u00e1 a Psiquiatr\u00eda o Psic\u00f3logia.<\/p>\n","protected":false},"excerpt":{"rendered":"<p>Debido al confinamiento, miedo y ansiedad, las personas pueden condicionar s\u00edntomas falsos por COVID y tambi\u00e9n exagerarlos explic\u00f3 la psic\u00f3loga de la Unidad de Medicina Familiar (UMF) No 10, del Instituto Mexicano del Seguro Social (IMSS), en Veracruz Norte, Mar\u00eda de la Luz Ju\u00e1rez Eusebio. La hipocondr\u00eda es un trastorno mental que se caracteriza porque [&hellip;]<\/p>\n","protected":false},"author":6,"featured_media":5168,"comment_status":"open","ping_status":"open","sticky":false,"template":"","format":"standard","meta":{"_monsterinsights_skip_tracking":false,"_monsterinsights_sitenote_active":false,"_monsterinsights_sitenote_note":"","_monsterinsights_sitenote_category":0,"footnotes":""},"categories":[154],"tags":[1537,175,365,1538],"class_list":["post-5167","post","type-post","status-publish","format-standard","has-post-thumbnail","hentry","category-veracruz","tag-ansiedad","tag-covid-19","tag-imss","tag-sintomas","wp-image-borders"],"amp_enabled":true,"_links":{"self":[{"href":"https:\/\/nvnoticias.mx\/index.php\/wp-json\/wp\/v2\/posts\/5167","targetHints":{"allow":["GET"]}}],"collection":[{"href":"https:\/\/nvnoticias.mx\/index.php\/wp-json\/wp\/v2\/posts"}],"about":[{"href":"https:\/\/nvnoticias.mx\/index.php\/wp-json\/wp\/v2\/types\/post"}],"author":[{"embeddable":true,"href":"https:\/\/nvnoticias.mx\/index.php\/wp-json\/wp\/v2\/users\/6"}],"replies":[{"embeddable":true,"href":"https:\/\/nvnoticias.mx\/index.php\/wp-json\/wp\/v2\/comments?post=5167"}],"version-history":[{"count":1,"href":"https:\/\/nvnoticias.mx\/index.php\/wp-json\/wp\/v2\/posts\/5167\/revisions"}],"predecessor-version":[{"id":5169,"href":"https:\/\/nvnoticias.mx\/index.php\/wp-json\/wp\/v2\/posts\/5167\/revisions\/5169"}],"wp:featuredmedia":[{"embeddable":true,"href":"https:\/\/nvnoticias.mx\/index.php\/wp-json\/wp\/v2\/media\/5168"}],"wp:attachment":[{"href":"https:\/\/nvnoticias.mx\/index.php\/wp-json\/wp\/v2\/media?parent=5167"}],"wp:term":[{"taxonomy":"category","embeddable":true,"href":"https:\/\/nvnoticias.mx\/index.php\/wp-json\/wp\/v2\/categories?post=5167"},{"taxonomy":"post_tag","embeddable":true,"href":"https:\/\/nvnoticias.mx\/index.php\/wp-json\/wp\/v2\/tags?post=5167"}],"curies":[{"name":"wp","href":"https:\/\/api.w.org\/{rel}","templated":true}]}}