{"id":51667,"date":"2022-04-25T12:28:55","date_gmt":"2022-04-25T17:28:55","guid":{"rendered":"https:\/\/nvnoticias.mx\/?p=51667"},"modified":"2022-04-25T12:28:57","modified_gmt":"2022-04-25T17:28:57","slug":"denuncia-cuba-que-eu-excluira-a-su-gobierno-de-la-proxima-cumbre-de-las-americas","status":"publish","type":"post","link":"https:\/\/nvnoticias.mx\/index.php\/2022\/04\/25\/denuncia-cuba-que-eu-excluira-a-su-gobierno-de-la-proxima-cumbre-de-las-americas\/","title":{"rendered":"Denuncia Cuba que EU excluir\u00e1 a su gobierno de la pr\u00f3xima Cumbre de las Am\u00e9ricas"},"content":{"rendered":"\n<p class=\"wp-block-paragraph\">El canciller de Cuba, Bruno Rodr\u00edguez, denunci\u00f3 hoy que\u00a0Estados Unidos excluir\u00e1 a su gobierno\u00a0de la pr\u00f3xima Cumbre de las Am\u00e9ricas y consider\u00f3 que todav\u00eda hay tiempo para que esa reuni\u00f3n debata sin exclusiones los principales problemas del continente.<\/p>\n\n\n\n<blockquote class=\"wp-block-quote is-layout-flow wp-block-quote-is-layout-flow\"><p> \u201cDebo denunciar que el gobierno de Estados Unidos decidi\u00f3 excluir a Cuba de los preparativos de la novena Cumbre de las Am\u00e9ricas que se realizar\u00e1 en ese pa\u00eds (en junio) y ejerce presiones extremas sobre numerosos gobiernos que se oponen de manera privada y respetuosa a dicha presi\u00f3n\u201d, dijo el canciller Rodr\u00edguez en declaraciones a la prensa.<\/p><\/blockquote>\n\n\n\n<p class=\"wp-block-paragraph\"> El ministro record\u00f3 que la pr\u00f3xima cumbre se realizar\u00e1 en la ciudad estadunidense de Los \u00c1ngeles para discutir sobre migraci\u00f3n, cooperaci\u00f3n en materia de salud, democracia y derechos humanos. <\/p>\n\n\n\n<p class=\"wp-block-paragraph\">En ese contexto, Rodr\u00edguez estim\u00f3 que \u201cla exclusi\u00f3n de Cuba que se avizora ser\u00eda un retroceso con relaci\u00f3n a las dos cumbres anteriores, a las cuales la isla fue invitada\u201d. El ministro se refiri\u00f3 en esos t\u00e9rminos a las convocatorias hechas por el presidente Brack Obama, administraci\u00f3n de la cual Joe Biden fue su segundo al mando, e incluso por el gobernante Donald Trump, art\u00edfice del endurecimiento todav\u00eda en curso de la pol\u00edtica de Washington hacia La Habana.<\/p>\n\n\n\n<blockquote class=\"wp-block-quote is-layout-flow wp-block-quote-is-layout-flow\"><p> \u201cLa presencia de Cuba en la novena cumbre podr\u00eda ser una oportunidad para debatir sin exclusiones los asuntos m\u00e1s acuciantes que afectan a nuestro continente\u201d, consider\u00f3 el canciller, quien reiter\u00f3 la posici\u00f3n de su gobierno a favor de \u201cla unidad (del continente) en la diversidad\u201d de opiniones pol\u00edticas. <\/p><\/blockquote>\n\n\n\n<p class=\"wp-block-paragraph\">Fuente: <a href=\"https:\/\/www.milenio.com\/internacional\/cuba-denuncia-eu-excluira-gobierno-cumbre-americas\" data-type=\"URL\" data-id=\"https:\/\/www.milenio.com\/internacional\/cuba-denuncia-eu-excluira-gobierno-cumbre-americas\">Milenio<\/a><\/p>\n","protected":false},"excerpt":{"rendered":"<p>El canciller de Cuba, Bruno Rodr\u00edguez, denunci\u00f3 hoy que\u00a0Estados Unidos excluir\u00e1 a su gobierno\u00a0de la pr\u00f3xima Cumbre de las Am\u00e9ricas y consider\u00f3 que todav\u00eda hay tiempo para que esa reuni\u00f3n debata sin exclusiones los principales problemas del continente. \u201cDebo denunciar que el gobierno de Estados Unidos decidi\u00f3 excluir a Cuba de los preparativos de la [&hellip;]<\/p>\n","protected":false},"author":35,"featured_media":51669,"comment_status":"open","ping_status":"open","sticky":false,"template":"","format":"standard","meta":{"_monsterinsights_skip_tracking":false,"footnotes":""},"categories":[181],"tags":[2501,13966,206,183,13964,299,13965],"class_list":["post-51667","post","type-post","status-publish","format-standard","has-post-thumbnail","hentry","category-internacional","tag-cuba","tag-cumbre-de-las-americas","tag-denuncia","tag-estados-unidos","tag-excluira","tag-gobierno","tag-proxima","wp-image-borders"],"amp_enabled":true,"_links":{"self":[{"href":"https:\/\/nvnoticias.mx\/index.php\/wp-json\/wp\/v2\/posts\/51667","targetHints":{"allow":["GET"]}}],"collection":[{"href":"https:\/\/nvnoticias.mx\/index.php\/wp-json\/wp\/v2\/posts"}],"about":[{"href":"https:\/\/nvnoticias.mx\/index.php\/wp-json\/wp\/v2\/types\/post"}],"author":[{"embeddable":true,"href":"https:\/\/nvnoticias.mx\/index.php\/wp-json\/wp\/v2\/users\/35"}],"replies":[{"embeddable":true,"href":"https:\/\/nvnoticias.mx\/index.php\/wp-json\/wp\/v2\/comments?post=51667"}],"version-history":[{"count":1,"href":"https:\/\/nvnoticias.mx\/index.php\/wp-json\/wp\/v2\/posts\/51667\/revisions"}],"predecessor-version":[{"id":51670,"href":"https:\/\/nvnoticias.mx\/index.php\/wp-json\/wp\/v2\/posts\/51667\/revisions\/51670"}],"wp:featuredmedia":[{"embeddable":true,"href":"https:\/\/nvnoticias.mx\/index.php\/wp-json\/wp\/v2\/media\/51669"}],"wp:attachment":[{"href":"https:\/\/nvnoticias.mx\/index.php\/wp-json\/wp\/v2\/media?parent=51667"}],"wp:term":[{"taxonomy":"category","embeddable":true,"href":"https:\/\/nvnoticias.mx\/index.php\/wp-json\/wp\/v2\/categories?post=51667"},{"taxonomy":"post_tag","embeddable":true,"href":"https:\/\/nvnoticias.mx\/index.php\/wp-json\/wp\/v2\/tags?post=51667"}],"curies":[{"name":"wp","href":"https:\/\/api.w.org\/{rel}","templated":true}]}}