{"id":51561,"date":"2022-04-24T13:25:07","date_gmt":"2022-04-24T18:25:07","guid":{"rendered":"https:\/\/nvnoticias.mx\/?p=51561"},"modified":"2022-04-24T13:25:09","modified_gmt":"2022-04-24T18:25:09","slug":"blindan-fiscalia-cdmx-marcha-para-exigir-justicia-por-debanhi","status":"publish","type":"post","link":"https:\/\/nvnoticias.mx\/index.php\/2022\/04\/24\/blindan-fiscalia-cdmx-marcha-para-exigir-justicia-por-debanhi\/","title":{"rendered":"Blindan Fiscal\u00eda de la CDMX ante marcha para exigir justicia por Debanhi"},"content":{"rendered":"\n<p>A unas horas de que se concentren diversos colectivos feministas que saldr\u00e1n a las calles este d\u00eda para exigir justicia por la muerte de Debanhi Escobar, el cese de la violencia de g\u00e9nero, feminicidios y sobre todo para exigir que las autoridades hagan su trabajo y prevengan m\u00e1s ataques y muertes, los encargados de la Fiscal\u00eda General de Justicia de la Ciudad de M\u00e9xico, se atrincheraron.<\/p>\n\n\n\n<p>Los alrededores de las oficinas centrales de la dependencia investigadora ubicada en las inmediaciones de la colonia Doctores lucen con vallas de protecci\u00f3n y de momento, no hay servicio al p\u00fablico.<\/p>\n\n\n\n<p>Personal que se qued\u00f3 de guardia, recibi\u00f3 instrucciones para alejarse de ventanas, al tiempo que los veh\u00edculos oficiales fueron resguardados en estacionamientos aleda\u00f1os para evitar que sean vandalizados.<\/p>\n\n\n\n<h2 class=\"wp-block-heading\">Colectivos se concentran<\/h2>\n\n\n\n<p>Por otra parte, colectivos feministas se empiezan a concentrar en las inmediaciones del Monumento a la Revoluci\u00f3n, La Estela de Luz y en otros puntos hasta el momento no identificados por las autoridades.<\/p>\n\n\n\n<p>Se espera que adem\u00e1s de la concentraci\u00f3n en la Estela de Luz en donde se colocar\u00e1 un altar con veladoras y fichas de mujeres desaparecidas, el colectivo Polit\u00e9cnicas al Grito de Guerra llamaron a reunirse en el Monumento a la Revoluci\u00f3n a las 14:00 horas para marchar en punto de las 15:00 horas a la Fiscal\u00eda General de Justicia de la Ciudad de M\u00e9xico.&nbsp;<\/p>\n\n\n\n<p>La petici\u00f3n, en este caso, es que los asistente lleven con alg\u00fan objeto o vestimenta de color blanco, as\u00ed como flores, veladoras, pancartas y fichas de desaparecidas.<\/p>\n\n\n\n<p>Fuente: <a href=\"https:\/\/www.eluniversal.com.mx\/metropoli\/debanhi-escobar-blindan-la-fiscalia-cdmx-ante-marcha-feminista\">El Universal<\/a><\/p>\n","protected":false},"excerpt":{"rendered":"<p>A unas horas de que se concentren diversos colectivos feministas que saldr\u00e1n a las calles este d\u00eda para exigir justicia por la muerte de Debanhi Escobar, el cese de la violencia de g\u00e9nero, feminicidios y sobre todo para exigir que las autoridades hagan su trabajo y prevengan m\u00e1s ataques y muertes, los encargados de la [&hellip;]<\/p>\n","protected":false},"author":6,"featured_media":51562,"comment_status":"open","ping_status":"open","sticky":false,"template":"","format":"standard","meta":{"_monsterinsights_skip_tracking":false,"_monsterinsights_sitenote_active":false,"_monsterinsights_sitenote_note":"","_monsterinsights_sitenote_category":0,"footnotes":""},"categories":[157],"tags":[307,13452,7226,2077],"class_list":["post-51561","post","type-post","status-publish","format-standard","has-post-thumbnail","hentry","category-nacional","tag-cdmx","tag-debanhi","tag-fiscalia-de-cdmx","tag-marcha-feminista","wp-image-borders"],"amp_enabled":true,"_links":{"self":[{"href":"https:\/\/nvnoticias.mx\/index.php\/wp-json\/wp\/v2\/posts\/51561","targetHints":{"allow":["GET"]}}],"collection":[{"href":"https:\/\/nvnoticias.mx\/index.php\/wp-json\/wp\/v2\/posts"}],"about":[{"href":"https:\/\/nvnoticias.mx\/index.php\/wp-json\/wp\/v2\/types\/post"}],"author":[{"embeddable":true,"href":"https:\/\/nvnoticias.mx\/index.php\/wp-json\/wp\/v2\/users\/6"}],"replies":[{"embeddable":true,"href":"https:\/\/nvnoticias.mx\/index.php\/wp-json\/wp\/v2\/comments?post=51561"}],"version-history":[{"count":1,"href":"https:\/\/nvnoticias.mx\/index.php\/wp-json\/wp\/v2\/posts\/51561\/revisions"}],"predecessor-version":[{"id":51563,"href":"https:\/\/nvnoticias.mx\/index.php\/wp-json\/wp\/v2\/posts\/51561\/revisions\/51563"}],"wp:featuredmedia":[{"embeddable":true,"href":"https:\/\/nvnoticias.mx\/index.php\/wp-json\/wp\/v2\/media\/51562"}],"wp:attachment":[{"href":"https:\/\/nvnoticias.mx\/index.php\/wp-json\/wp\/v2\/media?parent=51561"}],"wp:term":[{"taxonomy":"category","embeddable":true,"href":"https:\/\/nvnoticias.mx\/index.php\/wp-json\/wp\/v2\/categories?post=51561"},{"taxonomy":"post_tag","embeddable":true,"href":"https:\/\/nvnoticias.mx\/index.php\/wp-json\/wp\/v2\/tags?post=51561"}],"curies":[{"name":"wp","href":"https:\/\/api.w.org\/{rel}","templated":true}]}}