{"id":51549,"date":"2022-04-24T12:46:05","date_gmt":"2022-04-24T17:46:05","guid":{"rendered":"https:\/\/nvnoticias.mx\/?p=51549"},"modified":"2022-04-24T12:46:07","modified_gmt":"2022-04-24T17:46:07","slug":"el-turismo-que-arribo-a-veracruz-en-semana-santa-si-consumio-y-gasto","status":"publish","type":"post","link":"https:\/\/nvnoticias.mx\/index.php\/2022\/04\/24\/el-turismo-que-arribo-a-veracruz-en-semana-santa-si-consumio-y-gasto\/","title":{"rendered":"El turismo que arrib\u00f3 a Veracruz en Semana Santa s\u00ed consumi\u00f3 y gast\u00f3"},"content":{"rendered":"\n<p><strong>Jes\u00fas Utrilla<\/strong> <strong>| NV Noticias<\/strong><\/p>\n\n\n\n<p>El turismo que arrib\u00f3 a Veracruz en Semana Santa s\u00ed consumi\u00f3 y gast\u00f3, reconocieron palaperos de la playa Villa del Mar.<\/p>\n\n\n\n<p>Gustavo D\u00edaz Blanco, propietario de la Palapa El Coste\u00f1o, rechaz\u00f3 que s\u00f3lo llegaran paseantes de &#8220;j\u00edcama y horchata&#8221;, como les llaman coloquialmente, pues tan solo en la primera semana de asueto las ventas repuntaron 95 por ciento y en la segunda casi 80 por ciento.<\/p>\n\n\n\n<p>A su parecer la afluencia de vacacionistas super\u00f3 las expectativas previstas, pues se ven\u00eda de una cuarta ola de Covid pero finalmente los resultados fueron positivos para el sector, sobre todo luego de dos a\u00f1os de escasas ventas.<\/p>\n\n\n\n<p>Cabe recordar que al inicio de la pandemia las playas fueron cerradas, posteriormente la movilidad cay\u00f3, aunado a las complicaciones econ\u00f3micas por el desempleo.<\/p>\n\n\n\n<p>En el caso de las palapas ubicadas a pie de playa las mayores ventas se registraron el fin de semana pasado.<\/p>\n\n\n\n<blockquote class=\"wp-block-quote is-layout-flow wp-block-quote-is-layout-flow\"><p>\u201cNos ayud\u00f3 el excelente clima que prevaleci\u00f3 en la zona conurbada Veracruz-Boca del R\u00edo. Adem\u00e1s de que los contagios se mantienen a la baja y la mayor\u00eda de la poblaci\u00f3n se encuentra ya vacunada contra el coronavirus. Los protocolos sanitarios al interior de las palapas se siguen manteniendo y los turistas tambi\u00e9n est\u00e1n siendo accesibles a las reglas sanitarias\u201d.<\/p><\/blockquote>\n\n\n\n<p>La mayor cantidad de personas que arribaron a Veracruz fueron de estados del centro del pa\u00eds como generalmente ocurre, esto es: Ciudad de M\u00e9xico, Puebla, Tlaxcala, Toluca, Estado de M\u00e9xico. Pero tambi\u00e9n de Monterrey, Chiapas, Oaxaca y Tabasco.<\/p>\n\n\n\n<blockquote class=\"wp-block-quote is-layout-flow wp-block-quote-is-layout-flow\"><p>\u201cEsperamos que los turistas que vengan de ahora en adelante consuman m\u00e1s, como ocurri\u00f3 en estas vacaciones\u201d.<\/p><\/blockquote>\n","protected":false},"excerpt":{"rendered":"<p>Jes\u00fas Utrilla | NV Noticias El turismo que arrib\u00f3 a Veracruz en Semana Santa s\u00ed consumi\u00f3 y gast\u00f3, reconocieron palaperos de la playa Villa del Mar. Gustavo D\u00edaz Blanco, propietario de la Palapa El Coste\u00f1o, rechaz\u00f3 que s\u00f3lo llegaran paseantes de &#8220;j\u00edcama y horchata&#8221;, como les llaman coloquialmente, pues tan solo en la primera semana [&hellip;]<\/p>\n","protected":false},"author":6,"featured_media":51550,"comment_status":"open","ping_status":"open","sticky":false,"template":"","format":"standard","meta":{"_monsterinsights_skip_tracking":false,"_monsterinsights_sitenote_active":false,"_monsterinsights_sitenote_note":"","_monsterinsights_sitenote_category":0,"footnotes":""},"categories":[154],"tags":[1474,744,180],"class_list":["post-51549","post","type-post","status-publish","format-standard","has-post-thumbnail","hentry","category-veracruz","tag-semana-santa","tag-turismo","tag-veracruz","wp-image-borders"],"amp_enabled":true,"_links":{"self":[{"href":"https:\/\/nvnoticias.mx\/index.php\/wp-json\/wp\/v2\/posts\/51549","targetHints":{"allow":["GET"]}}],"collection":[{"href":"https:\/\/nvnoticias.mx\/index.php\/wp-json\/wp\/v2\/posts"}],"about":[{"href":"https:\/\/nvnoticias.mx\/index.php\/wp-json\/wp\/v2\/types\/post"}],"author":[{"embeddable":true,"href":"https:\/\/nvnoticias.mx\/index.php\/wp-json\/wp\/v2\/users\/6"}],"replies":[{"embeddable":true,"href":"https:\/\/nvnoticias.mx\/index.php\/wp-json\/wp\/v2\/comments?post=51549"}],"version-history":[{"count":1,"href":"https:\/\/nvnoticias.mx\/index.php\/wp-json\/wp\/v2\/posts\/51549\/revisions"}],"predecessor-version":[{"id":51551,"href":"https:\/\/nvnoticias.mx\/index.php\/wp-json\/wp\/v2\/posts\/51549\/revisions\/51551"}],"wp:featuredmedia":[{"embeddable":true,"href":"https:\/\/nvnoticias.mx\/index.php\/wp-json\/wp\/v2\/media\/51550"}],"wp:attachment":[{"href":"https:\/\/nvnoticias.mx\/index.php\/wp-json\/wp\/v2\/media?parent=51549"}],"wp:term":[{"taxonomy":"category","embeddable":true,"href":"https:\/\/nvnoticias.mx\/index.php\/wp-json\/wp\/v2\/categories?post=51549"},{"taxonomy":"post_tag","embeddable":true,"href":"https:\/\/nvnoticias.mx\/index.php\/wp-json\/wp\/v2\/tags?post=51549"}],"curies":[{"name":"wp","href":"https:\/\/api.w.org\/{rel}","templated":true}]}}