{"id":51541,"date":"2022-04-24T10:44:54","date_gmt":"2022-04-24T15:44:54","guid":{"rendered":"https:\/\/nvnoticias.mx\/?p=51541"},"modified":"2022-04-24T10:45:49","modified_gmt":"2022-04-24T15:45:49","slug":"proponen-semana-laboral-de-36-horas","status":"publish","type":"post","link":"https:\/\/nvnoticias.mx\/index.php\/2022\/04\/24\/proponen-semana-laboral-de-36-horas\/","title":{"rendered":"Proponen semana laboral de 36 horas"},"content":{"rendered":"\n<p>La diputada Carolina D\u00e1vila Ram\u00edrez, del PRI, propuso modificar el art\u00edculo 123 de la Constituci\u00f3n Pol\u00edtica para\u00a0reducir la jornada laboral de 48 a 36 horas a la semana, pues <strong>afirma\u00a0que el trabajo debe corresponder al salario que se gana, sin tomar en cuenta la jornada laboral. <\/strong><\/p>\n\n\n\n<p><strong>Seg\u00fan un estudio de la\u00a0Organizaci\u00f3n para la Cooperaci\u00f3n y el Desarrollo Econ\u00f3micos\u00a0(OCDE), en\u00a0M\u00e9xico se trabajan m\u00e1s horas que en el resto de los pa\u00edses miembros.<\/strong> De hecho, si se comparan las horas anuales trabajadas el pa\u00eds contra las laboradas en Alemania, la diferencia es del 65 por ciento.\u00a0 <\/p>\n\n\n\n<p><strong>Cada mexicano trabaja dos mil 255 horas al a\u00f1o con poca productividad, mientras\u00a0que en Alemania se trabajan 26.2 horas a la semana, con un nivel de productividad de 74.2 d\u00f3lares. M\u00e9xico tiene un nivel de productividad de 22.2 d\u00f3lares. <\/strong><\/p>\n\n\n\n<p>En un comunicado que se emiti\u00f3 desde la C\u00e1mara de Diputados, se detalla que\u00a0D\u00e1vila Ram\u00edrez propuso reformar y adicionar el art\u00edculo 123 de la Constituci\u00f3n Pol\u00edtica, para reducir la semana laboral, tanto de los trabajadores del Apartado A como del Apartado B. <\/p>\n\n\n\n<p>La iniciativa fue enviada a la Comisi\u00f3n de Puntos Constitucionales, para dictamen, y a la Comisi\u00f3n de Trabajo y Previsi\u00f3n Social, para opini\u00f3n. <\/p>\n\n\n\n<p>El apartado A, hace referencia a obreros, jornaleros, empleados dom\u00e9sticos, artesanos y, de una manera general, en el que se propone que la jornada laboral en un contrato de trabajo<em>\u00a0&#8220;se implementar\u00e1 dependiendo de las necesidades de cada sector mediante acuerdo entre los trabajadores y los patrones, pudiendo ser bajo las modalidades de jornada diaria corta, semana laboral comprimida o a\u00f1o laboral reducido&#8221;. <\/em><\/p>\n\n\n\n<p>Precisa que estos acuerdos deber\u00e1n establecerse en el contrato colectivo de trabajo o, en su caso, en el contrato individual de trabajo. <\/p>\n\n\n\n<p>En tanto, el apartado B, sobre los Poderes de la Uni\u00f3n y sus trabajadores, plantea que la jornada diaria m\u00e1xima de trabajo ser\u00e1 de treinta y seis horas a la semana, no pudiendo exceder de siete horas diarias el trabajo nocturno. <\/p>\n\n\n\n<p>Lo anterior, se pretende implementar mediante acuerdo entre los trabajadores y los Poderes de la Uni\u00f3n, y las modalidades pueden ser de jornada diaria corta, semana laboral comprimida o a\u00f1o laboral reducido.\u00a0 <\/p>\n\n\n\n<blockquote class=\"wp-block-quote is-layout-flow wp-block-quote-is-layout-flow\"><p>&#8220;Los acuerdos deber\u00e1n establecerse en el contrato colectivo de trabajo o, en su caso, en el contrato individual de trabajo&#8221;, refiere. <\/p><\/blockquote>\n\n\n\n<p>Para facilitar la implementaci\u00f3n de la reforma, se propone en los transitorios instaurarla paulatinamente de manera anual, realizando una reducci\u00f3n de la jornada laboral de 48 a 44 horas el primer a\u00f1o, de 44 a 40 horas el segundo a\u00f1o y de 40 a 36 horas el tercer a\u00f1o. <\/p>\n\n\n\n<p>Fuente: <a href=\"https:\/\/www.milenio.com\/negocios\/semana-laboral-36-horas-propuesta-camara-diputados\">Milenio<\/a><\/p>\n","protected":false},"excerpt":{"rendered":"<p>La diputada Carolina D\u00e1vila Ram\u00edrez, del PRI, propuso modificar el art\u00edculo 123 de la Constituci\u00f3n Pol\u00edtica para\u00a0reducir la jornada laboral de 48 a 36 horas a la semana, pues afirma\u00a0que el trabajo debe corresponder al salario que se gana, sin tomar en cuenta la jornada laboral. Seg\u00fan un estudio de la\u00a0Organizaci\u00f3n para la Cooperaci\u00f3n y [&hellip;]<\/p>\n","protected":false},"author":6,"featured_media":51543,"comment_status":"open","ping_status":"open","sticky":false,"template":"","format":"standard","meta":{"_monsterinsights_skip_tracking":false,"_monsterinsights_sitenote_active":false,"_monsterinsights_sitenote_note":"","_monsterinsights_sitenote_category":0,"footnotes":""},"categories":[157],"tags":[162,3164,13931],"class_list":["post-51541","post","type-post","status-publish","format-standard","has-post-thumbnail","hentry","category-nacional","tag-portada","tag-propuesta","tag-semana-laboral","wp-image-borders"],"amp_enabled":true,"_links":{"self":[{"href":"https:\/\/nvnoticias.mx\/index.php\/wp-json\/wp\/v2\/posts\/51541","targetHints":{"allow":["GET"]}}],"collection":[{"href":"https:\/\/nvnoticias.mx\/index.php\/wp-json\/wp\/v2\/posts"}],"about":[{"href":"https:\/\/nvnoticias.mx\/index.php\/wp-json\/wp\/v2\/types\/post"}],"author":[{"embeddable":true,"href":"https:\/\/nvnoticias.mx\/index.php\/wp-json\/wp\/v2\/users\/6"}],"replies":[{"embeddable":true,"href":"https:\/\/nvnoticias.mx\/index.php\/wp-json\/wp\/v2\/comments?post=51541"}],"version-history":[{"count":3,"href":"https:\/\/nvnoticias.mx\/index.php\/wp-json\/wp\/v2\/posts\/51541\/revisions"}],"predecessor-version":[{"id":51545,"href":"https:\/\/nvnoticias.mx\/index.php\/wp-json\/wp\/v2\/posts\/51541\/revisions\/51545"}],"wp:featuredmedia":[{"embeddable":true,"href":"https:\/\/nvnoticias.mx\/index.php\/wp-json\/wp\/v2\/media\/51543"}],"wp:attachment":[{"href":"https:\/\/nvnoticias.mx\/index.php\/wp-json\/wp\/v2\/media?parent=51541"}],"wp:term":[{"taxonomy":"category","embeddable":true,"href":"https:\/\/nvnoticias.mx\/index.php\/wp-json\/wp\/v2\/categories?post=51541"},{"taxonomy":"post_tag","embeddable":true,"href":"https:\/\/nvnoticias.mx\/index.php\/wp-json\/wp\/v2\/tags?post=51541"}],"curies":[{"name":"wp","href":"https:\/\/api.w.org\/{rel}","templated":true}]}}