{"id":51515,"date":"2022-04-23T22:14:42","date_gmt":"2022-04-24T03:14:42","guid":{"rendered":"https:\/\/nvnoticias.mx\/?p=51515"},"modified":"2022-04-23T22:14:44","modified_gmt":"2022-04-24T03:14:44","slug":"habitantes-de-galeana-dan-el-ultimo-adios-a-debanhi","status":"publish","type":"post","link":"https:\/\/nvnoticias.mx\/index.php\/2022\/04\/23\/habitantes-de-galeana-dan-el-ultimo-adios-a-debanhi\/","title":{"rendered":"Habitantes de Galeana dan el \u00faltimo adi\u00f3s a Debanhi"},"content":{"rendered":"\n<p>\u00a0Cientos de personas, entre habitantes de la cabecera municipal de\u00a0Galeana\u00a0y de la comunidad de Laguna de Labradores, recibieron a la entrada del pueblo, los restos de Debanhi Susana Escobar Bazald\u00faa, con globos blancos y morados, adem\u00e1s de algunas pancartas para exigir justicia, o desear que la joven \u201cdescanse en paz\u201d.<\/p>\n\n\n\n<p>Escoltado por una patrulla de seguridad p\u00fablica, el\u00a0cortejo f\u00fanebre\u00a0de unos 20 veh\u00edculos, que acompa\u00f1\u00f3 los restos de Debanhi Susana a su morada final en Laguna de Labradores, sali\u00f3 cerca de las 10:30 horas de la ma\u00f1ana de Monterrey, minutos despu\u00e9s de concluir una misa en las Capillas del Carmen, donde la joven estudiante de Derecho de 18 a\u00f1os de edad, fue velada desde alrededor de las 20:00 horas del viernes hasta las 8 de la ma\u00f1ana de este s\u00e1bado.\u00a0<\/p>\n\n\n\n<p>Antes de partir hacia Galeana,\u00a0Mario Escobar\u00a0coment\u00f3 que acudieron autoridades federales\u00a0\u00a0a ofrecerle apoyo, y record\u00f3 que el presidente Andr\u00e9s Manuel L\u00f3pez Obrador mencion\u00f3 la posibilidad de gestionar para que la Fiscal\u00eda General de la Rep\u00fablica atraiga el caso.\u00a0<\/p>\n\n\n\n<p>\u201cToda la ayuda que pueda tener para esclarecer el asesinato de mi hija es bienvenido, porque fue un asesinato lo repito, la mataron\u201d, y advirti\u00f3 que no cejar\u00e1 para que haya castigo al o los responsables, \u201ccaiga quien caiga, tope donde tope\u201d.<\/p>\n\n\n\n<p>Durante el sepultura de Debanhi, Mario Escobar pidi\u00f3 nuevamente que se hiciera justicia, e insisti\u00f3 en que la\u00a0Fiscal\u00eda de Nuevo Le\u00f3n\u00a0no hizo bien su trabajo durante el caso de su hija.<\/p>\n\n\n\n<figure class=\"wp-block-image\"><img decoding=\"async\" src=\"https:\/\/www.eluniversal.com.mx\/sites\/default\/files\/2022\/04\/23\/sepelio_0.jpg\" alt=\"Con globos y pancartas, habitantes de Galeana dan el \u00faltimo adi\u00f3s a Debanhi\"\/><\/figure>\n\n\n\n<p>Fuente: <a href=\"https:\/\/www.eluniversal.com.mx\/estados\/caso-debanhi-con-globos-y-pancartas-habitantes-de-galeana-le-dan-el-ultimo-adios\">El Universal<\/a><\/p>\n","protected":false},"excerpt":{"rendered":"<p>\u00a0Cientos de personas, entre habitantes de la cabecera municipal de\u00a0Galeana\u00a0y de la comunidad de Laguna de Labradores, recibieron a la entrada del pueblo, los restos de Debanhi Susana Escobar Bazald\u00faa, con globos blancos y morados, adem\u00e1s de algunas pancartas para exigir justicia, o desear que la joven \u201cdescanse en paz\u201d. Escoltado por una patrulla de [&hellip;]<\/p>\n","protected":false},"author":8,"featured_media":51516,"comment_status":"open","ping_status":"open","sticky":false,"template":"","format":"standard","meta":{"_monsterinsights_skip_tracking":false,"_monsterinsights_sitenote_active":false,"_monsterinsights_sitenote_note":"","_monsterinsights_sitenote_category":0,"footnotes":""},"categories":[157],"tags":[13452,12404],"class_list":["post-51515","post","type-post","status-publish","format-standard","has-post-thumbnail","hentry","category-nacional","tag-debanhi","tag-galeana","wp-image-borders"],"amp_enabled":true,"_links":{"self":[{"href":"https:\/\/nvnoticias.mx\/index.php\/wp-json\/wp\/v2\/posts\/51515","targetHints":{"allow":["GET"]}}],"collection":[{"href":"https:\/\/nvnoticias.mx\/index.php\/wp-json\/wp\/v2\/posts"}],"about":[{"href":"https:\/\/nvnoticias.mx\/index.php\/wp-json\/wp\/v2\/types\/post"}],"author":[{"embeddable":true,"href":"https:\/\/nvnoticias.mx\/index.php\/wp-json\/wp\/v2\/users\/8"}],"replies":[{"embeddable":true,"href":"https:\/\/nvnoticias.mx\/index.php\/wp-json\/wp\/v2\/comments?post=51515"}],"version-history":[{"count":1,"href":"https:\/\/nvnoticias.mx\/index.php\/wp-json\/wp\/v2\/posts\/51515\/revisions"}],"predecessor-version":[{"id":51517,"href":"https:\/\/nvnoticias.mx\/index.php\/wp-json\/wp\/v2\/posts\/51515\/revisions\/51517"}],"wp:featuredmedia":[{"embeddable":true,"href":"https:\/\/nvnoticias.mx\/index.php\/wp-json\/wp\/v2\/media\/51516"}],"wp:attachment":[{"href":"https:\/\/nvnoticias.mx\/index.php\/wp-json\/wp\/v2\/media?parent=51515"}],"wp:term":[{"taxonomy":"category","embeddable":true,"href":"https:\/\/nvnoticias.mx\/index.php\/wp-json\/wp\/v2\/categories?post=51515"},{"taxonomy":"post_tag","embeddable":true,"href":"https:\/\/nvnoticias.mx\/index.php\/wp-json\/wp\/v2\/tags?post=51515"}],"curies":[{"name":"wp","href":"https:\/\/api.w.org\/{rel}","templated":true}]}}