{"id":51445,"date":"2022-04-23T11:02:30","date_gmt":"2022-04-23T16:02:30","guid":{"rendered":"https:\/\/nvnoticias.mx\/?p=51445"},"modified":"2022-04-23T11:02:32","modified_gmt":"2022-04-23T16:02:32","slug":"debanhi-escobar-sufrio-abuso-sexual-revela-cidh","status":"publish","type":"post","link":"https:\/\/nvnoticias.mx\/index.php\/2022\/04\/23\/debanhi-escobar-sufrio-abuso-sexual-revela-cidh\/","title":{"rendered":"Debanhi Escobar sufri\u00f3 abuso sexual, revela CIDH"},"content":{"rendered":"\n<p>Omar Tamez, comisionado federal de la Comisi\u00f3n Interamericana de Derechos Humanos (CIDH), confirm\u00f3 que la joven Debanhi Escobar sufri\u00f3 abuso sexual antes de su muerte en Escobedo, Nuevo Le\u00f3n. <\/p>\n\n\n\n<p>Al dar m\u00e1s detalles sobre el caso, el comisionado afirm\u00f3 que la joven fue violentada y sufri\u00f3 varias lesiones en la cabeza antes de su muerte, sin embargo, advirti\u00f3 que estos hechos se confirmar\u00e1n despu\u00e9s de un segundo peritaje.<\/p>\n\n\n\n<blockquote class=\"wp-block-quote is-layout-flow wp-block-quote-is-layout-flow\"><p>\u201c<em>S\u00ed hay un abuso sexual, es algo delicado, pero como les comento, eso lo vamos a dar por cierto en el segundo peritaje. El cad\u00e1ver se le va a dejar descansar en paz, ya no puede presentar m\u00e1s pruebas<\/em>\u201d, dijo.<\/p><\/blockquote>\n\n\n\n<p>Explic\u00f3 que las indagatorias muestran que la causa de muerte fue un golpe en el cr\u00e1neo, sin embargo, no se ha determinado el n\u00famero de lesiones que le fueron infligidas, aunque contin\u00faan las investigaciones. <\/p>\n\n\n\n<p>Advirti\u00f3 que por el momento no se puede dar a conocer m\u00e1s detalles del caso, ya que establecieron contacto con la familia apenas hace 10 horas, adem\u00e1s de que revelar m\u00e1s informaci\u00f3n podr\u00eda poner en riesgo las investigaciones en curso <\/p>\n\n\n\n<blockquote class=\"wp-block-quote is-layout-flow wp-block-quote-is-layout-flow\"><p>\u201c<em>Conforme avancemos en las indagatorias les vamos a proporcionar puntualmente detalle a detalle, para que tengan informaci\u00f3n precisa y lo \u00fanico que queremos es que la familia tenga paz, tranquilidad, y que encuentren la verdad\u201d<\/em>, apunt\u00f3.<\/p><\/blockquote>\n\n\n\n<p>Por su parte, el padre de la joven coment\u00f3 que la familia continuar\u00e1 con el proceso e duelo y con el sepelio de Debanhi en Galeana, por lo que dejar\u00e1 las gestiones del caso en manos a la CIDH, \u201cpara lo que \u00e9l pueda, quiera y est\u00e9 en sus manos contestar\u201d. <\/p>\n\n\n\n<blockquote class=\"wp-block-quote is-layout-flow wp-block-quote-is-layout-flow\"><p>\u201c<em>Toda la ayuda para m\u00ed es importante, vinieron a ponerse las \u00f3rdenes y van a determinar si se integran o no se integran, ya depende lo que diga el presidente Andr\u00e9s Manuel L\u00f3pez Obrado<\/em>r\u201d, a\u00f1adi\u00f3.<\/p><\/blockquote>\n\n\n\n<p>Agradeci\u00f3 toda la ayuda que tanto la ciudadan\u00eda como el gobierno, local y federal, pueda brindar para esclarecer el caso. Del mismo modo, lament\u00f3 que el caso de su hija no sea el \u00fanico, y resalt\u00f3 la desaparici\u00f3n de una menor de 12 a\u00f1os en San Nicol\u00e1s, a cuya madre le ofreci\u00f3 su apoyo en la b\u00fasqueda.<\/p>\n\n\n\n<p>Fuente: <a href=\"https:\/\/www.milenio.com\/politica\/debanhi-escobar-sufrio-abuso-sexual-muerte\">Milenio<\/a><\/p>\n","protected":false},"excerpt":{"rendered":"<p>Omar Tamez, comisionado federal de la Comisi\u00f3n Interamericana de Derechos Humanos (CIDH), confirm\u00f3 que la joven Debanhi Escobar sufri\u00f3 abuso sexual antes de su muerte en Escobedo, Nuevo Le\u00f3n. Al dar m\u00e1s detalles sobre el caso, el comisionado afirm\u00f3 que la joven fue violentada y sufri\u00f3 varias lesiones en la cabeza antes de su muerte, [&hellip;]<\/p>\n","protected":false},"author":8,"featured_media":51446,"comment_status":"open","ping_status":"open","sticky":false,"template":"","format":"standard","meta":{"_monsterinsights_skip_tracking":false,"_monsterinsights_sitenote_active":false,"_monsterinsights_sitenote_note":"","_monsterinsights_sitenote_category":0,"footnotes":""},"categories":[157],"tags":[657,13916,13453],"class_list":["post-51445","post","type-post","status-publish","format-standard","has-post-thumbnail","hentry","category-nacional","tag-abuso-sexual","tag-cidh","tag-debanhi-escobar","wp-image-borders"],"amp_enabled":true,"_links":{"self":[{"href":"https:\/\/nvnoticias.mx\/index.php\/wp-json\/wp\/v2\/posts\/51445","targetHints":{"allow":["GET"]}}],"collection":[{"href":"https:\/\/nvnoticias.mx\/index.php\/wp-json\/wp\/v2\/posts"}],"about":[{"href":"https:\/\/nvnoticias.mx\/index.php\/wp-json\/wp\/v2\/types\/post"}],"author":[{"embeddable":true,"href":"https:\/\/nvnoticias.mx\/index.php\/wp-json\/wp\/v2\/users\/8"}],"replies":[{"embeddable":true,"href":"https:\/\/nvnoticias.mx\/index.php\/wp-json\/wp\/v2\/comments?post=51445"}],"version-history":[{"count":1,"href":"https:\/\/nvnoticias.mx\/index.php\/wp-json\/wp\/v2\/posts\/51445\/revisions"}],"predecessor-version":[{"id":51447,"href":"https:\/\/nvnoticias.mx\/index.php\/wp-json\/wp\/v2\/posts\/51445\/revisions\/51447"}],"wp:featuredmedia":[{"embeddable":true,"href":"https:\/\/nvnoticias.mx\/index.php\/wp-json\/wp\/v2\/media\/51446"}],"wp:attachment":[{"href":"https:\/\/nvnoticias.mx\/index.php\/wp-json\/wp\/v2\/media?parent=51445"}],"wp:term":[{"taxonomy":"category","embeddable":true,"href":"https:\/\/nvnoticias.mx\/index.php\/wp-json\/wp\/v2\/categories?post=51445"},{"taxonomy":"post_tag","embeddable":true,"href":"https:\/\/nvnoticias.mx\/index.php\/wp-json\/wp\/v2\/tags?post=51445"}],"curies":[{"name":"wp","href":"https:\/\/api.w.org\/{rel}","templated":true}]}}