{"id":51387,"date":"2022-04-22T15:59:23","date_gmt":"2022-04-22T20:59:23","guid":{"rendered":"https:\/\/nvnoticias.mx\/?p=51387"},"modified":"2022-04-22T15:59:24","modified_gmt":"2022-04-22T20:59:24","slug":"soy-el-mejor-para-suceder-al-presidente-ricardo-monreal","status":"publish","type":"post","link":"https:\/\/nvnoticias.mx\/index.php\/2022\/04\/22\/soy-el-mejor-para-suceder-al-presidente-ricardo-monreal\/","title":{"rendered":"Soy el mejor para suceder al Presidente: Ricardo Monreal"},"content":{"rendered":"\n<p>Ricardo Monreal, coordinador de Morena en el Senado, dijo que es el mejor para suceder al presidente Andr\u00e9s Manuel L\u00f3pez Obrador, y asegur\u00f3 que podr\u00eda ganarle a todos los aspirantes que buscar\u00e1n este cargo. <\/p>\n\n\n\n<p>Desde San Luis Potos\u00ed, donde present\u00f3 su libro, el tambi\u00e9n presidente de la Junta de Coordinaci\u00f3n Pol\u00edtica del Senado fue cuestionado sobre sus aspiraciones presidenciales y se\u00f1al\u00f3 que \u00e9l puede ganar \u201ca la buena\u201d. <\/p>\n\n\n\n<blockquote class=\"wp-block-quote is-layout-flow wp-block-quote-is-layout-flow\"><p>\u201cSin alago en boca propia, porque esto es vituperio, pero estoy preparado, tengo experiencia acumulada, tengo 45 a\u00f1os en el servicio p\u00fablico, provengo de una familia humilde, 14 hermanos, he sido producto de la cultura del esfuerzo y creo que soy el mejor para suceder al presidente L\u00f3pez Obrador\u201d, destac\u00f3.<\/p><\/blockquote>\n\n\n\n<p><strong> &#8211; \u00bfA qui\u00e9n le podr\u00eda ganar?<\/strong><\/p>\n\n\n\n<blockquote class=\"wp-block-quote is-layout-flow wp-block-quote-is-layout-flow\"><p> \u201cA todos, les puedo ganar a todos. Lo digo sin falsas modestias, estoy preparado, estoy con mi plena lucidez, al cien por ciento y con plena salud para enfrentar los retos, los desaf\u00edos del M\u00e9xico moderno\u201d, coment\u00f3. <\/p><\/blockquote>\n\n\n\n<p>Monreal insisti\u00f3 en que cuando llegue el momento contender\u00e1 por ese cargo por Morena. Lo anterior se dio luego de que un reportero le preguntara a Monreal sobre su caricatura como un personaje de Los Simpson, y cuando se le pregunt\u00f3 qu\u00e9 personaje ser\u00eda, respondi\u00f3: \u201cel tapado\u201d. <\/p>\n\n\n\n<p>Por su parte, el presidente L\u00f3pez Obrador ha manifestado que hay varias &#8216;corcholatas&#8217; para sucederlo, entre ellos la jefa de gobierno de la Ciudad de M\u00e9xico, Claudia Sheinbaum, as\u00ed como el canciller Marcelo Ebrard. <\/p>\n\n\n\n<p>Fuente:<a href=\"https:\/\/www.milenio.com\/politica\/ricardo-monreal-soy-el-mejor-para-suceder-al-presidente\" data-type=\"URL\" data-id=\"https:\/\/www.milenio.com\/politica\/ricardo-monreal-soy-el-mejor-para-suceder-al-presidente\"> Milenio<\/a><\/p>\n","protected":false},"excerpt":{"rendered":"<p>Ricardo Monreal, coordinador de Morena en el Senado, dijo que es el mejor para suceder al presidente Andr\u00e9s Manuel L\u00f3pez Obrador, y asegur\u00f3 que podr\u00eda ganarle a todos los aspirantes que buscar\u00e1n este cargo. Desde San Luis Potos\u00ed, donde present\u00f3 su libro, el tambi\u00e9n presidente de la Junta de Coordinaci\u00f3n Pol\u00edtica del Senado fue cuestionado [&hellip;]<\/p>\n","protected":false},"author":35,"featured_media":4636,"comment_status":"open","ping_status":"open","sticky":false,"template":"","format":"standard","meta":{"_monsterinsights_skip_tracking":false,"_monsterinsights_sitenote_active":false,"_monsterinsights_sitenote_note":"","_monsterinsights_sitenote_category":0,"footnotes":""},"categories":[158],"tags":[13900,162,411,600,13899,13901],"class_list":["post-51387","post","type-post","status-publish","format-standard","has-post-thumbnail","hentry","category-politica","tag-el-mejor","tag-portada","tag-presidente","tag-ricardo-monreal","tag-soy","tag-suceder","wp-image-borders"],"amp_enabled":true,"_links":{"self":[{"href":"https:\/\/nvnoticias.mx\/index.php\/wp-json\/wp\/v2\/posts\/51387","targetHints":{"allow":["GET"]}}],"collection":[{"href":"https:\/\/nvnoticias.mx\/index.php\/wp-json\/wp\/v2\/posts"}],"about":[{"href":"https:\/\/nvnoticias.mx\/index.php\/wp-json\/wp\/v2\/types\/post"}],"author":[{"embeddable":true,"href":"https:\/\/nvnoticias.mx\/index.php\/wp-json\/wp\/v2\/users\/35"}],"replies":[{"embeddable":true,"href":"https:\/\/nvnoticias.mx\/index.php\/wp-json\/wp\/v2\/comments?post=51387"}],"version-history":[{"count":1,"href":"https:\/\/nvnoticias.mx\/index.php\/wp-json\/wp\/v2\/posts\/51387\/revisions"}],"predecessor-version":[{"id":51388,"href":"https:\/\/nvnoticias.mx\/index.php\/wp-json\/wp\/v2\/posts\/51387\/revisions\/51388"}],"wp:featuredmedia":[{"embeddable":true,"href":"https:\/\/nvnoticias.mx\/index.php\/wp-json\/wp\/v2\/media\/4636"}],"wp:attachment":[{"href":"https:\/\/nvnoticias.mx\/index.php\/wp-json\/wp\/v2\/media?parent=51387"}],"wp:term":[{"taxonomy":"category","embeddable":true,"href":"https:\/\/nvnoticias.mx\/index.php\/wp-json\/wp\/v2\/categories?post=51387"},{"taxonomy":"post_tag","embeddable":true,"href":"https:\/\/nvnoticias.mx\/index.php\/wp-json\/wp\/v2\/tags?post=51387"}],"curies":[{"name":"wp","href":"https:\/\/api.w.org\/{rel}","templated":true}]}}