{"id":5133,"date":"2021-02-19T09:43:22","date_gmt":"2021-02-19T15:43:22","guid":{"rendered":"https:\/\/nvnoticias.mx\/?p=5133"},"modified":"2021-02-19T09:43:24","modified_gmt":"2021-02-19T15:43:24","slug":"hasta-el-25-de-mayo-se-podra-solicitar-la-reimpresion-de-la-credencial-del-ine","status":"publish","type":"post","link":"https:\/\/nvnoticias.mx\/index.php\/2021\/02\/19\/hasta-el-25-de-mayo-se-podra-solicitar-la-reimpresion-de-la-credencial-del-ine\/","title":{"rendered":"Hasta el 25 de mayo se podr\u00e1 solicitar la reimpresi\u00f3n de la credencial del INE"},"content":{"rendered":"\n<p><strong>Jes\u00fas Utrilla \/ NV Noticias<\/strong><\/p>\n\n\n\n<p>El Instituto Nacional Electoral (INE) llam\u00f3 a los ciudadanos que hayan extraviado la credencial de elector a solicitarla a m\u00e1s tardar el 25 de mayo pues de lo contrario no podr\u00e1n votar y no contar\u00e1n con un medio de identificaci\u00f3n oficial.<\/p>\n\n\n\n<p>Jos\u00e9 Gonzalo Castillo Gameros, Vocal Ejecutivo de la Junta Distrital 4 del INE, se\u00f1al\u00f3 que tambi\u00e9n cambiar\u00e1n aquellas que se da\u00f1aron, sin embargo, son reimpresiones, esto es, que no podr\u00e1n efectuarse modificaciones de datos.<\/p>\n\n\n\n<blockquote class=\"wp-block-quote is-layout-flow wp-block-quote-is-layout-flow\"><p>\u201cEn los casos de extravi\u00f3, robo o da\u00f1o de la credencial para votar, es procedente la solicitud de reimpresi\u00f3n, lo cual se puede realizar hasta el 25 de mayo del a\u00f1o en curso. Este procedimiento lo comenzamos desde el d\u00eda 11 de febrero\u201d.<\/p><\/blockquote>\n\n\n\n<p>Se requiere que los ciudadanos que soliciten su reimpresi\u00f3n est\u00e9n inscritos en la Lista Nominal de Electores, es decir, que la credencial extraviada, robada o da\u00f1ada este vigente en el momento de la solicitud para poder generar la reimpresi\u00f3n.<\/p>\n\n\n\n<p>Para hacer el tr\u00e1mite es necesario que el ciudadano agende una cita a trav\u00e9s de la p\u00e1gina de internet ine.mx o por medio de una llamada telef\u00f3nica al 800 433 2000.<\/p>\n\n\n\n<blockquote class=\"wp-block-quote is-layout-flow wp-block-quote-is-layout-flow\"><p>\u201cAclarar que no ser\u00e1 posible hacerles ninguna modificaci\u00f3n, como cambio de domicilio, correcci\u00f3n de datos, ni tampoco son procedentes las inscripciones por primera vez, ya que se trata de un documento reimpreso con los mismos datos y caracter\u00edsticas de la credencial que ya se encontraba en poder de los ciudadanos\u201d.<\/p><\/blockquote>\n\n\n\n<p>Hizo \u00e9nfasis que las credenciales cuya tr\u00e1mite ya se realiz\u00f3 y que est\u00e1 pendiente su entrega, pueden obtenerla sin cita, acudiendo al mismo m\u00f3dulo donde la solicitaron y la fecha l\u00edmite para recogerlas ser\u00e1 el d\u00eda 10 de abril.<\/p>\n\n\n\n<p>Es de mencionar que todos los que acudan a los m\u00f3dulos deber\u00e1n cumplir con todos los protocolos de salud, como el uso de cubrebocas, guardar la sana distancia en la fila y dentro de las instalaciones del instituto, permitir la toma frontal de temperatura corporal y la aplicaci\u00f3n de gel antibacterial.<\/p>\n","protected":false},"excerpt":{"rendered":"<p>Para hacer el tr\u00e1mite es necesario que el ciudadano agende una cita<\/p>\n","protected":false},"author":6,"featured_media":5134,"comment_status":"open","ping_status":"open","sticky":false,"template":"","format":"standard","meta":{"_monsterinsights_skip_tracking":false,"_monsterinsights_sitenote_active":false,"_monsterinsights_sitenote_note":"","_monsterinsights_sitenote_category":0,"footnotes":""},"categories":[154],"tags":[1178,321,443,180],"class_list":["post-5133","post","type-post","status-publish","format-standard","has-post-thumbnail","hentry","category-veracruz","tag-credencial-de-elector","tag-elecciones2021","tag-ine","tag-veracruz","wp-image-borders"],"amp_enabled":true,"_links":{"self":[{"href":"https:\/\/nvnoticias.mx\/index.php\/wp-json\/wp\/v2\/posts\/5133","targetHints":{"allow":["GET"]}}],"collection":[{"href":"https:\/\/nvnoticias.mx\/index.php\/wp-json\/wp\/v2\/posts"}],"about":[{"href":"https:\/\/nvnoticias.mx\/index.php\/wp-json\/wp\/v2\/types\/post"}],"author":[{"embeddable":true,"href":"https:\/\/nvnoticias.mx\/index.php\/wp-json\/wp\/v2\/users\/6"}],"replies":[{"embeddable":true,"href":"https:\/\/nvnoticias.mx\/index.php\/wp-json\/wp\/v2\/comments?post=5133"}],"version-history":[{"count":1,"href":"https:\/\/nvnoticias.mx\/index.php\/wp-json\/wp\/v2\/posts\/5133\/revisions"}],"predecessor-version":[{"id":5135,"href":"https:\/\/nvnoticias.mx\/index.php\/wp-json\/wp\/v2\/posts\/5133\/revisions\/5135"}],"wp:featuredmedia":[{"embeddable":true,"href":"https:\/\/nvnoticias.mx\/index.php\/wp-json\/wp\/v2\/media\/5134"}],"wp:attachment":[{"href":"https:\/\/nvnoticias.mx\/index.php\/wp-json\/wp\/v2\/media?parent=5133"}],"wp:term":[{"taxonomy":"category","embeddable":true,"href":"https:\/\/nvnoticias.mx\/index.php\/wp-json\/wp\/v2\/categories?post=5133"},{"taxonomy":"post_tag","embeddable":true,"href":"https:\/\/nvnoticias.mx\/index.php\/wp-json\/wp\/v2\/tags?post=5133"}],"curies":[{"name":"wp","href":"https:\/\/api.w.org\/{rel}","templated":true}]}}