{"id":51315,"date":"2022-04-22T12:31:50","date_gmt":"2022-04-22T17:31:50","guid":{"rendered":"https:\/\/nvnoticias.mx\/?p=51315"},"modified":"2022-04-22T12:31:52","modified_gmt":"2022-04-22T17:31:52","slug":"amlo-se-reunira-en-veracruz-con-empresarios-de-eu-y-canada","status":"publish","type":"post","link":"https:\/\/nvnoticias.mx\/index.php\/2022\/04\/22\/amlo-se-reunira-en-veracruz-con-empresarios-de-eu-y-canada\/","title":{"rendered":"AMLO se reunir\u00e1 en Veracruz con empresarios de EU y Canad\u00e1"},"content":{"rendered":"\n<p>El presidente Andr\u00e9s Manuel L\u00f3pez Obrador inform\u00f3 que sostendr\u00e1 una reuni\u00f3n con empresarios de Estados Unidos y Canad\u00e1, los pa\u00edses socios comerciales dentro del T-MEC, esto en el marco de su visita en Veracruz, con el prop\u00f3sito de atraer mayor inversi\u00f3n al sur del pa\u00eds. <\/p>\n\n\n\n<blockquote class=\"wp-block-quote is-layout-flow wp-block-quote-is-layout-flow\"><p>&#8220;<em>Vamos a tener una reuni\u00f3n con empresarios de Estados Unidos y Canad\u00e1, tambi\u00e9n mexicanos, en San Juan de Ul\u00faa<\/em>&#8220;, expres\u00f3.<\/p><\/blockquote>\n\n\n\n<p>En su conferencia matutina desde el Puerto de Veracruz, L\u00f3pez Obrador\u00a0detall\u00f3 que a dicha reuni\u00f3n, adem\u00e1s de los empresarios, asistir\u00e1 el embajador de Estados Unidos en M\u00e9xico, Ken Salazar, a quienes se les presentar\u00e1 el\u00a0Programa para el Desarrollo del Istmo de Tehuantepec. <\/p>\n\n\n\n<blockquote class=\"wp-block-quote is-layout-flow wp-block-quote-is-layout-flow\"><p><em>&#8220;Se va a exponer todo lo relacionado con el desarrollo del sureste y en especial el plan del Istmo que comprende Oaxaca y Veracruz<\/em>&#8220;,\u00a0expres\u00f3.<\/p><\/blockquote>\n\n\n\n<p>El Programa para el Desarrollo del Istmo de Tehuantepec (PDIT) busca atender el rezago econ\u00f3mico y social con el fin de restablecer el bienestar de la poblaci\u00f3n de la regi\u00f3n, conformada por 79 municipios: 46 de Oaxaca y 33 de Veracruz. <\/p>\n\n\n\n<p>L\u00f3pez Obrador manifest\u00f3 que dicho desarrollo econ\u00f3mico incluye adem\u00e1s los estados de Chiapas y Tabasco, por lo que los gobernadores de las cuatro entidades tambi\u00e9n estar\u00e1n presentes. <\/p>\n\n\n\n<blockquote class=\"wp-block-quote is-layout-flow wp-block-quote-is-layout-flow\"><p>&#8220;<em>Van a estar los gobernadores de Veracruz, el gobernador de Oaxaca, de Chiapas, de Tabasco, el secretario de Relaciones Exteriores, (Marcelo Ebrard), de Gobernaci\u00f3n, los secretarios de Defensa, Marina, porque la Marina es la encargada de atender la zona del Istmo y el proyecto<\/em>&#8220;, refiri\u00f3.<\/p><\/blockquote>\n\n\n\n<p>El Presidente a\u00f1adi\u00f3 que la relaci\u00f3n econ\u00f3mica comercial de M\u00e9xico con Estados Unidos se da fundamentalmente en el norte del territorio nacional; sin embargo, el sureste del pa\u00eds, en\u00a0Veracruz, con Coatzacoalcos, Progreso, que son puertos estrat\u00e9gicos, o Ceiba Playa, en Campeche, se logra llegar a la costa este de EU por la v\u00eda mar\u00edtima, en barco, lo cual resulta m\u00e1s econ\u00f3mico. <\/p>\n\n\n\n<blockquote class=\"wp-block-quote is-layout-flow wp-block-quote-is-layout-flow\"><p>&#8220;<em>Ayer nos presentaron una gr\u00e1fica, un mapa de M\u00e9xico y las posibilidades que tiene de desarrollo si se piensa en la costa este de Estados Unidos, que est\u00e1 en lo econ\u00f3mico, lo comercial, pr\u00e1cticamente virgen porque todo el potencial se da con California y Texas,\u00a0no con la costa este<\/em>&#8220;, detall\u00f3.\u00a0<\/p><\/blockquote>\n\n\n\n<p>Record\u00f3 que el sureste de M\u00e9xico\u00a0tambi\u00e9n resulta atractivo para la inversi\u00f3n, por lo que empresas como Nestl\u00e9\u00a0se han instalado en Veracruz.\u00a0 <\/p>\n\n\n\n<blockquote class=\"wp-block-quote is-layout-flow wp-block-quote-is-layout-flow\"><p>&#8220;<em>No hace falta mucha planeaci\u00f3n estatal, los inversionistas saben de esto, por lo mismo en Veracruz se instala Nestl\u00e9, muy cerca de ah\u00ed va a estar la planta por lo que significa esta integraci\u00f3n econ\u00f3mica que nosotros estamos propiciando o que haya acuerdo con el gobierno de EU porque nos conviene, porque significa inversi\u00f3<\/em>n&#8221;, destac\u00f3 L\u00f3pez Obrador.<\/p><\/blockquote>\n\n\n\n<blockquote class=\"wp-block-quote is-layout-flow wp-block-quote-is-layout-flow\"><p>&#8220;<em>M\u00e9xico es de los pa\u00edses sino el pa\u00eds con m\u00e1s potencial de desarrollo por la fortaleza de su regi\u00f3n.\u00a0Para ese prop\u00f3sito es la reuni\u00f3n, aclarar las dudas y ayudar a que siga llegando inversi\u00f3n for\u00e1nea<\/em>&#8220;, a\u00f1adi\u00f3.<\/p><\/blockquote>\n\n\n\n<p>Fuente: <a href=\"https:\/\/www.milenio.com\/negocios\/amlo-reunira-empresarios-eu-canada-veracruz\">Milenio<\/a><\/p>\n","protected":false},"excerpt":{"rendered":"<p>El presidente Andr\u00e9s Manuel L\u00f3pez Obrador inform\u00f3 que sostendr\u00e1 una reuni\u00f3n con empresarios de Estados Unidos y Canad\u00e1, los pa\u00edses socios comerciales dentro del T-MEC, esto en el marco de su visita en Veracruz, con el prop\u00f3sito de atraer mayor inversi\u00f3n al sur del pa\u00eds. &#8220;Vamos a tener una reuni\u00f3n con empresarios de Estados Unidos [&hellip;]<\/p>\n","protected":false},"author":8,"featured_media":51319,"comment_status":"open","ping_status":"open","sticky":false,"template":"","format":"standard","meta":{"_monsterinsights_skip_tracking":false,"_monsterinsights_sitenote_active":false,"_monsterinsights_sitenote_note":"","_monsterinsights_sitenote_category":0,"footnotes":""},"categories":[154],"tags":[188,887,301,3218,162,180],"class_list":["post-51315","post","type-post","status-publish","format-standard","has-post-thumbnail","hentry","category-veracruz","tag-amlo","tag-canada-2","tag-empresarios","tag-eu","tag-portada","tag-veracruz","wp-image-borders"],"amp_enabled":true,"_links":{"self":[{"href":"https:\/\/nvnoticias.mx\/index.php\/wp-json\/wp\/v2\/posts\/51315","targetHints":{"allow":["GET"]}}],"collection":[{"href":"https:\/\/nvnoticias.mx\/index.php\/wp-json\/wp\/v2\/posts"}],"about":[{"href":"https:\/\/nvnoticias.mx\/index.php\/wp-json\/wp\/v2\/types\/post"}],"author":[{"embeddable":true,"href":"https:\/\/nvnoticias.mx\/index.php\/wp-json\/wp\/v2\/users\/8"}],"replies":[{"embeddable":true,"href":"https:\/\/nvnoticias.mx\/index.php\/wp-json\/wp\/v2\/comments?post=51315"}],"version-history":[{"count":1,"href":"https:\/\/nvnoticias.mx\/index.php\/wp-json\/wp\/v2\/posts\/51315\/revisions"}],"predecessor-version":[{"id":51320,"href":"https:\/\/nvnoticias.mx\/index.php\/wp-json\/wp\/v2\/posts\/51315\/revisions\/51320"}],"wp:featuredmedia":[{"embeddable":true,"href":"https:\/\/nvnoticias.mx\/index.php\/wp-json\/wp\/v2\/media\/51319"}],"wp:attachment":[{"href":"https:\/\/nvnoticias.mx\/index.php\/wp-json\/wp\/v2\/media?parent=51315"}],"wp:term":[{"taxonomy":"category","embeddable":true,"href":"https:\/\/nvnoticias.mx\/index.php\/wp-json\/wp\/v2\/categories?post=51315"},{"taxonomy":"post_tag","embeddable":true,"href":"https:\/\/nvnoticias.mx\/index.php\/wp-json\/wp\/v2\/tags?post=51315"}],"curies":[{"name":"wp","href":"https:\/\/api.w.org\/{rel}","templated":true}]}}