{"id":51230,"date":"2022-04-22T09:28:08","date_gmt":"2022-04-22T14:28:08","guid":{"rendered":"https:\/\/nvnoticias.mx\/?p=51230"},"modified":"2022-04-22T09:28:27","modified_gmt":"2022-04-22T14:28:27","slug":"preve-banxico-que-la-inflacion-disminuya-a-lo-largo-de-2022","status":"publish","type":"post","link":"https:\/\/nvnoticias.mx\/index.php\/2022\/04\/22\/preve-banxico-que-la-inflacion-disminuya-a-lo-largo-de-2022\/","title":{"rendered":"Prev\u00e9 Banxico que inflaci\u00f3n disminuya a lo largo de 2022"},"content":{"rendered":"\n<p>La gobernadora del Banco de M\u00e9xico (Banxico), Victoria Rodr\u00edguez Ceja, advirti\u00f3 que en la coyuntura actual por la pandemia y la invasi\u00f3n rusa a Ucrania, los bancos centrales del mundo enfrentan la coyuntura m\u00e1s dif\u00edcil de las \u00faltimas cuatro d\u00e9cada; no obstante, se comprometi\u00f3 a actuar de manera oportuna para asegurar la convergencia de la inflaci\u00f3n a la meta de 3 por ciento y con ello preservar el poder adquisitivo de la moneda nacional.<\/p>\n\n\n\n<p> En su comparecencia ante la Comisi\u00f3n de Hacienda del Senado, record\u00f3 que en marzo de 2022, la inflaci\u00f3n general alcanz\u00f3 una tasa anual de 7.45 por ciento como reflejo de choques asociados con la crisis de salud que no han terminado de resolverse\u00a0y por mayores presiones de los energ\u00e9ticos y otras materias primas derivadas del conflicto b\u00e9lico. <\/p>\n\n\n\n<blockquote class=\"wp-block-quote is-layout-flow wp-block-quote-is-layout-flow\"><p>\u201cSe prev\u00e9 que la inflaci\u00f3n general vaya disminuyendo a lo largo de 2022 y que converja a la meta de 3 por ciento hacia el final del horizonte de pron\u00f3stico; para la inflaci\u00f3n subyacente anual, se anticipa que \u00e9sta\u00a0se incremente todav\u00eda en la primera mitad de 2022 para luego disminuir y converger a nivel a niveles cercanos al 3 por ciento a mediados de 2023\u201d, se\u00f1al\u00f3 la gobernadora.<\/p><\/blockquote>\n\n\n\n<p> Sin embargo, resalt\u00f3, el balance de riesgos para la inflaci\u00f3n se ha deteriorado por el entorno y se mantiene a la alza.<\/p>\n\n\n\n<p>Rodr\u00edguez Ceja se\u00f1al\u00f3 que la baja\u00a0del poder adquisitivo afecta m\u00e1s a las familias de menores ingresos, pues suelen mantener una mayor proporci\u00f3n de sus ingresos en efectivo.\u00a0<\/p>\n\n\n\n<p>En consecuencia, a\u00f1adi\u00f3, el fen\u00f3meno inflacionario tiende a aumentar la pobreza y la desigualdad, adem\u00e1s de que una inflaci\u00f3n alta y vol\u00e1til tiende a incidir negativamente en el crecimiento desarrollo de los pa\u00edses. <\/p>\n\n\n\n<blockquote class=\"wp-block-quote is-layout-flow wp-block-quote-is-layout-flow\"><p>\u201cEn este entorno tan adverso, la acci\u00f3n de los bancos centrales pocas veces ha sido tan importante, ante una din\u00e1mica de precios tan compleja debemos de ser claros ante la sociedad y los actores econ\u00f3micos de que nuestro compromiso con la protecci\u00f3n del poder adquisitivo de la moneda nacional es irrenunciable y que el Banco de M\u00e9xico actuar\u00e1 de manera oportuna para que la inflaci\u00f3n converja hacia la meta de 3 por ciento\u201d, asegur\u00f3 la titular\u00a0del banco central. <\/p><\/blockquote>\n\n\n\n<p>Fuente:  <a href=\"https:\/\/www.milenio.com\/politica\/inflacion-control-ano-pese-covid-guerra-preve-ba\" data-type=\"URL\" data-id=\"https:\/\/www.milenio.com\/politica\/inflacion-control-ano-pese-covid-guerra-preve-ba\">Milenio<\/a> <\/p>\n","protected":false},"excerpt":{"rendered":"<p>La gobernadora del Banco de M\u00e9xico (Banxico), Victoria Rodr\u00edguez Ceja, advirti\u00f3 que en la coyuntura actual por la pandemia y la invasi\u00f3n rusa a Ucrania, los bancos centrales del mundo enfrentan la coyuntura m\u00e1s dif\u00edcil de las \u00faltimas cuatro d\u00e9cada; no obstante, se comprometi\u00f3 a actuar de manera oportuna para asegurar la convergencia de la [&hellip;]<\/p>\n","protected":false},"author":35,"featured_media":10739,"comment_status":"open","ping_status":"open","sticky":false,"template":"","format":"standard","meta":{"_monsterinsights_skip_tracking":false,"_monsterinsights_sitenote_active":false,"_monsterinsights_sitenote_note":"","_monsterinsights_sitenote_category":0,"footnotes":""},"categories":[157],"tags":[2988,13835,2978,13836,162,9676],"class_list":["post-51230","post","type-post","status-publish","format-standard","has-post-thumbnail","hentry","category-nacional","tag-banxico","tag-disminuya","tag-inflacion","tag-largo","tag-portada","tag-preve","wp-image-borders"],"amp_enabled":true,"_links":{"self":[{"href":"https:\/\/nvnoticias.mx\/index.php\/wp-json\/wp\/v2\/posts\/51230","targetHints":{"allow":["GET"]}}],"collection":[{"href":"https:\/\/nvnoticias.mx\/index.php\/wp-json\/wp\/v2\/posts"}],"about":[{"href":"https:\/\/nvnoticias.mx\/index.php\/wp-json\/wp\/v2\/types\/post"}],"author":[{"embeddable":true,"href":"https:\/\/nvnoticias.mx\/index.php\/wp-json\/wp\/v2\/users\/35"}],"replies":[{"embeddable":true,"href":"https:\/\/nvnoticias.mx\/index.php\/wp-json\/wp\/v2\/comments?post=51230"}],"version-history":[{"count":4,"href":"https:\/\/nvnoticias.mx\/index.php\/wp-json\/wp\/v2\/posts\/51230\/revisions"}],"predecessor-version":[{"id":51234,"href":"https:\/\/nvnoticias.mx\/index.php\/wp-json\/wp\/v2\/posts\/51230\/revisions\/51234"}],"wp:featuredmedia":[{"embeddable":true,"href":"https:\/\/nvnoticias.mx\/index.php\/wp-json\/wp\/v2\/media\/10739"}],"wp:attachment":[{"href":"https:\/\/nvnoticias.mx\/index.php\/wp-json\/wp\/v2\/media?parent=51230"}],"wp:term":[{"taxonomy":"category","embeddable":true,"href":"https:\/\/nvnoticias.mx\/index.php\/wp-json\/wp\/v2\/categories?post=51230"},{"taxonomy":"post_tag","embeddable":true,"href":"https:\/\/nvnoticias.mx\/index.php\/wp-json\/wp\/v2\/tags?post=51230"}],"curies":[{"name":"wp","href":"https:\/\/api.w.org\/{rel}","templated":true}]}}