{"id":5110,"date":"2021-02-19T08:12:57","date_gmt":"2021-02-19T14:12:57","guid":{"rendered":"https:\/\/nvnoticias.mx\/?p=5110"},"modified":"2021-02-19T08:13:39","modified_gmt":"2021-02-19T14:13:39","slug":"se-suma-congreso-de-veracruz-a-crear-conciencia-sobre-cancer-infantil","status":"publish","type":"post","link":"https:\/\/nvnoticias.mx\/index.php\/2021\/02\/19\/se-suma-congreso-de-veracruz-a-crear-conciencia-sobre-cancer-infantil\/","title":{"rendered":"Se suma Congreso de Veracruz a crear conciencia sobre c\u00e1ncer infantil"},"content":{"rendered":"\n<p>El Congreso del Estado de Veracruz se suma a las acciones de concienciaci\u00f3n sobre el c\u00e1ncer y el c\u00e1ncer infantil. En Sesi\u00f3n Extraordinaria, el Pleno aprob\u00f3 que el frente del edificio sede de este Poder Legislativo sea iluminado de color dorado durante febrero, mes del C\u00e1ncer, con motivo del D\u00eda Mundial del C\u00e1ncer y D\u00eda Internacional de la Lucha contra el C\u00e1ncer Infantil.<\/p>\n\n\n\n<p>Por medio de un Punto de Acuerdo de la Junta de Coordinaci\u00f3n Pol\u00edtica, emanado de un Anteproyecto presentado por la diputada Andrea de Guadalupe Yunes Yunes, se instruye al secretario general del Congreso del Estado de Veracruz, Domingo Bahena Corbal\u00e1, implementar las gestiones necesarias para la realizaci\u00f3n de dicha propuesta.<\/p>\n\n\n\n<p>De acuerdo con su proponente, el prop\u00f3sito de esta acci\u00f3n es generar conciencia y sensibilizar a la poblaci\u00f3n respecto esta enfermedad, que en el mundo afecta cada a\u00f1o a alrededor de 300 mil ni\u00f1os de entre 0 y 18 a\u00f1os. En M\u00e9xico, es la principal causa de muerte por enfermedad entre los 5 y 14 a\u00f1os de edad.<\/p>\n\n\n\n<p>Se estima que, con la detecci\u00f3n temprana y tratamiento adecuado, entre ocho y nueve de cada 10 pacientes con c\u00e1ncer de cero a 18 a\u00f1os pueden curarse, para lo cual, considera la proponente, es necesaria la suma de esfuerzos entre sociedad, maestros e instituciones de salud.<\/p>\n\n\n\n<p>Mediante esta acci\u00f3n, se exhorta a las y los integrantes de la LXV Legislatura a crear y promover conciencia en la sociedad, a fin de que una mayor atenci\u00f3n a los s\u00edntomas permita obtener un diagn\u00f3stico oportuno y salvar vidas.<\/p>\n\n\n\n<p>El 4 de febrero es el D\u00eda Mundial contra el C\u00e1ncer, el 15 del mismo mes es el D\u00eda Internacional de la Lucha contra el C\u00e1ncer Infantil y en M\u00e9xico febrero es el Mes Nacional para la Concientizaci\u00f3n, Prevenci\u00f3n, Detecci\u00f3n y Tratamiento Oportuno del C\u00e1ncer Infantil.<\/p>\n","protected":false},"excerpt":{"rendered":"<p>Frente del Palacio Legislativo ser\u00e1 iluminado de color dorado durante febrero.<\/p>\n","protected":false},"author":6,"featured_media":5111,"comment_status":"open","ping_status":"open","sticky":false,"template":"","format":"standard","meta":{"_monsterinsights_skip_tracking":false,"_monsterinsights_sitenote_active":false,"_monsterinsights_sitenote_note":"","_monsterinsights_sitenote_category":0,"footnotes":""},"categories":[156],"tags":[1522,570,180],"class_list":["post-5110","post","type-post","status-publish","format-standard","has-post-thumbnail","hentry","category-estado","tag-cancer-infantil","tag-congreso-del-estado-de-veracruz","tag-veracruz","wp-image-borders"],"amp_enabled":true,"_links":{"self":[{"href":"https:\/\/nvnoticias.mx\/index.php\/wp-json\/wp\/v2\/posts\/5110","targetHints":{"allow":["GET"]}}],"collection":[{"href":"https:\/\/nvnoticias.mx\/index.php\/wp-json\/wp\/v2\/posts"}],"about":[{"href":"https:\/\/nvnoticias.mx\/index.php\/wp-json\/wp\/v2\/types\/post"}],"author":[{"embeddable":true,"href":"https:\/\/nvnoticias.mx\/index.php\/wp-json\/wp\/v2\/users\/6"}],"replies":[{"embeddable":true,"href":"https:\/\/nvnoticias.mx\/index.php\/wp-json\/wp\/v2\/comments?post=5110"}],"version-history":[{"count":2,"href":"https:\/\/nvnoticias.mx\/index.php\/wp-json\/wp\/v2\/posts\/5110\/revisions"}],"predecessor-version":[{"id":5113,"href":"https:\/\/nvnoticias.mx\/index.php\/wp-json\/wp\/v2\/posts\/5110\/revisions\/5113"}],"wp:featuredmedia":[{"embeddable":true,"href":"https:\/\/nvnoticias.mx\/index.php\/wp-json\/wp\/v2\/media\/5111"}],"wp:attachment":[{"href":"https:\/\/nvnoticias.mx\/index.php\/wp-json\/wp\/v2\/media?parent=5110"}],"wp:term":[{"taxonomy":"category","embeddable":true,"href":"https:\/\/nvnoticias.mx\/index.php\/wp-json\/wp\/v2\/categories?post=5110"},{"taxonomy":"post_tag","embeddable":true,"href":"https:\/\/nvnoticias.mx\/index.php\/wp-json\/wp\/v2\/tags?post=5110"}],"curies":[{"name":"wp","href":"https:\/\/api.w.org\/{rel}","templated":true}]}}