{"id":51090,"date":"2022-04-21T12:42:25","date_gmt":"2022-04-21T17:42:25","guid":{"rendered":"https:\/\/nvnoticias.mx\/?p=51090"},"modified":"2022-04-21T12:42:27","modified_gmt":"2022-04-21T17:42:27","slug":"inicia-rehabilitacion-integral-de-la-calle-sayago","status":"publish","type":"post","link":"https:\/\/nvnoticias.mx\/index.php\/2022\/04\/21\/inicia-rehabilitacion-integral-de-la-calle-sayago\/","title":{"rendered":"Inicia rehabilitaci\u00f3n integral de la calle Sayago"},"content":{"rendered":"\n<p>Xalapa, Ver.- Con recursos del fondo Recursos Fiscales inici\u00f3 la rehabilitaci\u00f3n integral de casi 2 mil metros cuadrados de la calle Sayago, una vialidad primordial para la ciudad que no hab\u00eda tenido una intervenci\u00f3n de este tipo en 50 a\u00f1os, inform\u00f3 el director de Obras P\u00fablicas, Guillermo \u00c1vila Devezze.<\/p>\n\n\n\n<p>El funcionario detall\u00f3 que los trabajos de Sayago abarcan el tramo de San Roque a Xicont\u00e9ncatl, en donde se modificar\u00e1n las banquetas de modo general y reconstruir\u00e1n las losas de pavimento da\u00f1adas, pero dejando libre en todo momento los cruces de Sayago con estas dos calles.<\/p>\n\n\n\n<p>Explic\u00f3 que los alcances de los trabajos comprenden la demolici\u00f3n de banquetas, guarniciones y el concreto del arroyo vehicular que se encuentra en malas condiciones, as\u00ed como la rehabilitaci\u00f3n de los registros de drenaje sanitario, agua potable, de la Comisi\u00f3n Federal de Electricidad (CFE) y Tel\u00e9fonos de M\u00e9xico (Telmex) que se tienen en banquetas y la propia calle.<\/p>\n\n\n\n<p>Adem\u00e1s, se realizar\u00e1 la renivelaci\u00f3n y sellado de tragatormentas, la reubicaci\u00f3n de postes de l\u00ednea el\u00e9ctrica, alumbrado p\u00fablico y telefon\u00eda para lo cual se trabajar\u00e1 en coordinaci\u00f3n con la Comisi\u00f3n Municipal de Agua Potable y Saneamiento (CMAS), CFE y Telmex, para que el personal acompa\u00f1e el proceso de obra, se verifique que todo est\u00e9 dentro de norma y los servicios funcionen adecuadamente.<\/p>\n\n\n\n<p>Como parte de los trabajos, agreg\u00f3, las banquetas se ampliar\u00e1n y se reconstruir\u00e1n con las nuevas normas de accesibilidad para darle mayor importancia al desplazamiento peatonal y facilitar el tr\u00e1nsito de las personas con discapacidad.<\/p>\n\n\n\n<p>\u201cEn total se pavimentar\u00e1 en Sayago una superficie de mil 999 metros cuadrados con una longitud de 223 metros, se colocar\u00e1 una base hidr\u00e1ulica de 20 cent\u00edmetros de espesor que mejorar\u00e1 el soporte para el pavimento, y la adecuaci\u00f3n de las banquetas comprende mil 114 metros cuadrados\u201d.<\/p>\n\n\n\n<p>Tambi\u00e9n se instalar\u00e1 una membrana de polietileno para aislar la humedad de lo que es el pavimento, y se tender\u00e1 un concreto de 18 cent\u00edmetros y la resistencia recomendada para una calle que tiene el peso vehicular de Sayago.<\/p>\n\n\n\n<p>Aunado a ello se colocar\u00e1n algunos \u00e1rboles y pasto en las jardineras que se tendr\u00e1n por la ampliaci\u00f3n de banquetas, y la se\u00f1alizaci\u00f3n de tr\u00e1nsito preventiva y restrictiva horizontal y vertical.<\/p>\n\n\n\n<p>El Director de Obras P\u00fablicas dio a conocer que se tiene considerado un tiempo de ejecuci\u00f3n de 90 d\u00edas si no ocurre alg\u00fan imprevisto, ya que hay que recordar que se trata de una calle antigua que posiblemente tenga canales o presente cierta circunstancia que pudiera desfasar el periodo de entrega.<\/p>\n\n\n\n<p>Expuso que en la socializaci\u00f3n del proyecto, apoy\u00f3 personal de la Direcci\u00f3n de Participaci\u00f3n Ciudadana y se tiene coordinaci\u00f3n con la Direcci\u00f3n General de Tr\u00e1nsito y Seguridad Vial del Estado y la de Desarrollo Urbano para orientar el flujo vial, de manera que se afecte lo menos posible a las personas que habitan o trabajan en la zona o a quienes normalmente circulan por ah\u00ed.<\/p>\n\n\n\n<p>Guillermo \u00c1vila confi\u00f3 en que con el respaldo de los vecinos y el Comit\u00e9 de Contralor\u00eda Social que se constituy\u00f3 se tendr\u00e1 el apoyo no solo para la construcci\u00f3n sino en un momento dado para la conservaci\u00f3n de esta obra.<\/p>\n\n\n\n<p>Finalmente, solicit\u00f3 a la ciudadan\u00eda su comprensi\u00f3n por las molestias temporales de los trabajos que dejar\u00e1n un beneficio colectivo en materia de movilidad, cambio de la imagen urbana y modernizaci\u00f3n de la calle, con respeto a sus antecedentes hist\u00f3ricos.<\/p>\n\n\n\n<figure class=\"wp-block-image size-large\"><img loading=\"lazy\" decoding=\"async\" width=\"1024\" height=\"682\" src=\"https:\/\/nvnoticias.mx\/wp-content\/uploads\/2022\/04\/WhatsApp-Image-2022-04-21-at-12.02.16-PM-1024x682.jpeg\" alt=\"\" class=\"wp-image-51092\" srcset=\"https:\/\/nvnoticias.mx\/wp-content\/uploads\/2022\/04\/WhatsApp-Image-2022-04-21-at-12.02.16-PM-1024x682.jpeg 1024w, https:\/\/nvnoticias.mx\/wp-content\/uploads\/2022\/04\/WhatsApp-Image-2022-04-21-at-12.02.16-PM-300x200.jpeg 300w, https:\/\/nvnoticias.mx\/wp-content\/uploads\/2022\/04\/WhatsApp-Image-2022-04-21-at-12.02.16-PM-768x512.jpeg 768w, https:\/\/nvnoticias.mx\/wp-content\/uploads\/2022\/04\/WhatsApp-Image-2022-04-21-at-12.02.16-PM.jpeg 1280w\" sizes=\"auto, (max-width: 1024px) 100vw, 1024px\" \/><\/figure>\n","protected":false},"excerpt":{"rendered":"<p>Xalapa, Ver.- Con recursos del fondo Recursos Fiscales inici\u00f3 la rehabilitaci\u00f3n integral de casi 2 mil metros cuadrados de la calle Sayago, una vialidad primordial para la ciudad que no hab\u00eda tenido una intervenci\u00f3n de este tipo en 50 a\u00f1os, inform\u00f3 el director de Obras P\u00fablicas, Guillermo \u00c1vila Devezze. El funcionario detall\u00f3 que los trabajos [&hellip;]<\/p>\n","protected":false},"author":35,"featured_media":51091,"comment_status":"open","ping_status":"open","sticky":false,"template":"","format":"standard","meta":{"_monsterinsights_skip_tracking":false,"_monsterinsights_sitenote_active":false,"_monsterinsights_sitenote_note":"","_monsterinsights_sitenote_category":0,"footnotes":""},"categories":[156],"tags":[4185,9065,12896,367,13801],"class_list":["post-51090","post","type-post","status-publish","format-standard","has-post-thumbnail","hentry","category-estado","tag-calle","tag-inicia","tag-integral","tag-rehabilitacion","tag-sayago","wp-image-borders"],"amp_enabled":true,"_links":{"self":[{"href":"https:\/\/nvnoticias.mx\/index.php\/wp-json\/wp\/v2\/posts\/51090","targetHints":{"allow":["GET"]}}],"collection":[{"href":"https:\/\/nvnoticias.mx\/index.php\/wp-json\/wp\/v2\/posts"}],"about":[{"href":"https:\/\/nvnoticias.mx\/index.php\/wp-json\/wp\/v2\/types\/post"}],"author":[{"embeddable":true,"href":"https:\/\/nvnoticias.mx\/index.php\/wp-json\/wp\/v2\/users\/35"}],"replies":[{"embeddable":true,"href":"https:\/\/nvnoticias.mx\/index.php\/wp-json\/wp\/v2\/comments?post=51090"}],"version-history":[{"count":1,"href":"https:\/\/nvnoticias.mx\/index.php\/wp-json\/wp\/v2\/posts\/51090\/revisions"}],"predecessor-version":[{"id":51093,"href":"https:\/\/nvnoticias.mx\/index.php\/wp-json\/wp\/v2\/posts\/51090\/revisions\/51093"}],"wp:featuredmedia":[{"embeddable":true,"href":"https:\/\/nvnoticias.mx\/index.php\/wp-json\/wp\/v2\/media\/51091"}],"wp:attachment":[{"href":"https:\/\/nvnoticias.mx\/index.php\/wp-json\/wp\/v2\/media?parent=51090"}],"wp:term":[{"taxonomy":"category","embeddable":true,"href":"https:\/\/nvnoticias.mx\/index.php\/wp-json\/wp\/v2\/categories?post=51090"},{"taxonomy":"post_tag","embeddable":true,"href":"https:\/\/nvnoticias.mx\/index.php\/wp-json\/wp\/v2\/tags?post=51090"}],"curies":[{"name":"wp","href":"https:\/\/api.w.org\/{rel}","templated":true}]}}