{"id":51060,"date":"2022-04-21T11:48:42","date_gmt":"2022-04-21T16:48:42","guid":{"rendered":"https:\/\/nvnoticias.mx\/?p=51060"},"modified":"2022-04-21T11:48:43","modified_gmt":"2022-04-21T16:48:43","slug":"descarta-amlo-reunion-con-famosos-en-tramo-5-del-tren-maya","status":"publish","type":"post","link":"https:\/\/nvnoticias.mx\/index.php\/2022\/04\/21\/descarta-amlo-reunion-con-famosos-en-tramo-5-del-tren-maya\/","title":{"rendered":"Descarta AMLO reuni\u00f3n con famosos en tramo 5 del Tren Maya"},"content":{"rendered":"\n<p>El presidente Andr\u00e9s Manuel L\u00f3pez Obrador\u00a0<strong>descart\u00f3 reunirse<\/strong>\u00a0con\u00a0<strong>ambientalistas<\/strong>,\u00a0<strong>expertos\u00a0<\/strong>y\u00a0<strong>artistas\u00a0<\/strong>en la zona donde se construye el\u00a0<strong>tramo 5 del Tren Maya<\/strong>, luego de que integrantes del movimiento\u00a0<strong>#S\u00e9lvameDelTren<\/strong>\u00a0aceptaran la invitaci\u00f3n de AMLO para platicar sobre el posible impacto ambiental de la obra.<\/p>\n\n\n\n<p>Durante la conferencia de prensa matutina de este jueves, el mandatario puntualiz\u00f3 que si la reuni\u00f3n se lleva a cabo en dicho lugar,<strong>\u00a0nombrar\u00e1 a un representante<\/strong>, pues \u00e9l no est\u00e1 dispuesto \u201c<strong>a seguirles el juego<\/strong>\u201d.<\/p>\n\n\n\n<p>\u201cYo voy a nombrar de representante, porque quieren que yo vaya all\u00e1, pues mejor que me representen los del ejido.&nbsp;<strong>Les voy a mandar una carta a ellos para ver si me quieren representar y atiendan a los ambientalistas reales o falsos<\/strong>, que sean los mismos campesinos\u201d, se\u00f1al\u00f3 AMLO.<\/p>\n\n\n\n<p>Tras esta propuesta, se le cuestion\u00f3 sobre si asistir\u00eda \u00e9l al encuentro, lo cual neg\u00f3 y dijo que\u00a0<strong>solo atender\u00eda personalmente en Palacio Nacional a los famosos que aparecieron en los videos<\/strong>\u00a0(Eugenio Derbez, Natalia Lafourcade, B\u00e1rbara Mori, Kate del Castillo, Rub\u00e9n Albarr\u00e1n, etc).<\/p>\n\n\n\n<p>\u201cNo, porque&nbsp;<strong>ellos tienen un prop\u00f3sito politiquero<\/strong>. Entonces pues no voy yo a hacerles el juego. Si vienen aqu\u00ed,&nbsp;<strong>los famosos<\/strong>,<strong>&nbsp;aqu\u00ed los atendemos<\/strong>, aqu\u00ed habl\u00f3 con ellos. Pero imag\u00ednense atender a todos los del CIDE o todo el grupo de Aguilar Cam\u00edn, cu\u00e1ndo los voy a convencer\u201d.<\/p>\n\n\n\n<p>\u201cSi son los que salieron (en los videos),<strong>\u00a0creo que fueron como 20<\/strong>, aqu\u00ed les platico\u00a0<strong>cuando ellos quieran<\/strong>\u201d, a\u00f1adi\u00f3.<\/p>\n\n\n\n<p>Asimismo, el titular del Ejecutivo adelant\u00f3 que dicha reuni\u00f3n ser\u00eda a&nbsp;<strong>puerta cerrada<\/strong>, pues tiene que cuidad \u201cla investidura\u201d presidencial.<\/p>\n\n\n\n<p>\u201c<strong>Hay que cuidar la investidura<\/strong>, ser\u00eda una reuni\u00f3n con ellos, no podr\u00edan estar ustedes (reporteros), despu\u00e9s de que ellos les declaren. Yo tengo que defender el proyecto de transformaci\u00f3n,\u00a0<strong>no me puedo exponer<\/strong>, porque adem\u00e1s est\u00e1n muy enojados, inventando cosas\u201d, asever\u00f3.<\/p>\n\n\n\n<p>Fuente:<a href=\"https:\/\/www.elfinanciero.com.mx\/nacional\/2022\/04\/21\/amlo-descarta-reunion-con-famosos-en-tramo-5-del-tren-maya-que-vengan-a-palacio\/\" data-type=\"URL\" data-id=\"https:\/\/www.elfinanciero.com.mx\/nacional\/2022\/04\/21\/amlo-descarta-reunion-con-famosos-en-tramo-5-del-tren-maya-que-vengan-a-palacio\/\"> El Financiero<\/a><\/p>\n","protected":false},"excerpt":{"rendered":"<p>El presidente Andr\u00e9s Manuel L\u00f3pez Obrador\u00a0descart\u00f3 reunirse\u00a0con\u00a0ambientalistas,\u00a0expertos\u00a0y\u00a0artistas\u00a0en la zona donde se construye el\u00a0tramo 5 del Tren Maya, luego de que integrantes del movimiento\u00a0#S\u00e9lvameDelTren\u00a0aceptaran la invitaci\u00f3n de AMLO para platicar sobre el posible impacto ambiental de la obra. Durante la conferencia de prensa matutina de este jueves, el mandatario puntualiz\u00f3 que si la reuni\u00f3n se lleva [&hellip;]<\/p>\n","protected":false},"author":35,"featured_media":35638,"comment_status":"open","ping_status":"open","sticky":false,"template":"","format":"standard","meta":{"_monsterinsights_skip_tracking":false,"_monsterinsights_sitenote_active":false,"_monsterinsights_sitenote_note":"","_monsterinsights_sitenote_category":0,"footnotes":""},"categories":[157],"tags":[188,9110,6719,2298,11488,4217],"class_list":["post-51060","post","type-post","status-publish","format-standard","has-post-thumbnail","hentry","category-nacional","tag-amlo","tag-descarta","tag-famosos","tag-reunion","tag-tramo","tag-tren-maya","wp-image-borders"],"amp_enabled":true,"_links":{"self":[{"href":"https:\/\/nvnoticias.mx\/index.php\/wp-json\/wp\/v2\/posts\/51060","targetHints":{"allow":["GET"]}}],"collection":[{"href":"https:\/\/nvnoticias.mx\/index.php\/wp-json\/wp\/v2\/posts"}],"about":[{"href":"https:\/\/nvnoticias.mx\/index.php\/wp-json\/wp\/v2\/types\/post"}],"author":[{"embeddable":true,"href":"https:\/\/nvnoticias.mx\/index.php\/wp-json\/wp\/v2\/users\/35"}],"replies":[{"embeddable":true,"href":"https:\/\/nvnoticias.mx\/index.php\/wp-json\/wp\/v2\/comments?post=51060"}],"version-history":[{"count":1,"href":"https:\/\/nvnoticias.mx\/index.php\/wp-json\/wp\/v2\/posts\/51060\/revisions"}],"predecessor-version":[{"id":51061,"href":"https:\/\/nvnoticias.mx\/index.php\/wp-json\/wp\/v2\/posts\/51060\/revisions\/51061"}],"wp:featuredmedia":[{"embeddable":true,"href":"https:\/\/nvnoticias.mx\/index.php\/wp-json\/wp\/v2\/media\/35638"}],"wp:attachment":[{"href":"https:\/\/nvnoticias.mx\/index.php\/wp-json\/wp\/v2\/media?parent=51060"}],"wp:term":[{"taxonomy":"category","embeddable":true,"href":"https:\/\/nvnoticias.mx\/index.php\/wp-json\/wp\/v2\/categories?post=51060"},{"taxonomy":"post_tag","embeddable":true,"href":"https:\/\/nvnoticias.mx\/index.php\/wp-json\/wp\/v2\/tags?post=51060"}],"curies":[{"name":"wp","href":"https:\/\/api.w.org\/{rel}","templated":true}]}}