{"id":5101,"date":"2021-02-19T05:01:41","date_gmt":"2021-02-19T11:01:41","guid":{"rendered":"https:\/\/nvnoticias.mx\/?p=5101"},"modified":"2021-02-19T09:28:27","modified_gmt":"2021-02-19T15:28:27","slug":"rescata-la-semar-a-siete-personas-en-las-inmediaciones-del-farallon-don-carlos","status":"publish","type":"post","link":"https:\/\/nvnoticias.mx\/index.php\/2021\/02\/19\/rescata-la-semar-a-siete-personas-en-las-inmediaciones-del-farallon-don-carlos\/","title":{"rendered":"Rescata la Semar a siete personas en las inmediaciones del Farall\u00f3n Don Carlos"},"content":{"rendered":"\n<p>Veracruz.- La Secretar\u00eda de Marina-Armada de M\u00e9xico, como Autoridad Mar\u00edtima Nacional y en funciones de Guardia Costera, informa que ayer, personal de la Primera Regi\u00f3n Naval adscrito a la Estaci\u00f3n Naval de B\u00fasqueda, Rescate y Vigilancia Mar\u00edtima (ENSAR) Veracruz, rescat\u00f3 a siete n\u00e1ufragos que se encontraban a bordo de una embarcaci\u00f3n pesquera de nombre \u201cYELLOWFIN\u201d, en inmediaciones del Farall\u00f3n Don Carlos, al sur de Laguna Verde.<\/p>\n\n\n\n<p>Esta acci\u00f3n se llev\u00f3 a cabo en atenci\u00f3n a una llamada de auxilio, en la cual se informaba que la embarcaci\u00f3n pesquera con siete personas a bordo se encontraba naufragando y la tripulaci\u00f3n flotando entre cabos y bidones a la deriva en inmediaciones del Farall\u00f3n; por lo que de manera inmediata se orden\u00f3 el zarpe de una embarcaci\u00f3n tipo MLB y el despegue de un avi\u00f3n Persuader, con el fin de salvaguardar la vida humana en la mar.<\/p>\n\n\n\n<figure class=\"wp-block-video\"><video controls src=\"https:\/\/nvnoticias.mx\/wp-content\/uploads\/2021\/02\/VID-20210219-WA0009.mp4\"><\/video><\/figure>\n\n\n\n<p>Una vez que la aeronave de la Armada de M\u00e9xico localiz\u00f3 citada embarcaci\u00f3n, la MLB arrib\u00f3 al punto se\u00f1alado efectuando el rescate de los n\u00e1ufragos, quienes fueron trasladados al puerto de Veracruz y posteriormente en ambulancia al Hospital Naval, donde recibieron atenci\u00f3n m\u00e9dica de urgencias.<\/p>\n\n\n\n<p>Con estas acciones la Secretar\u00eda de Marina\u2013Armada de M\u00e9xico, como Autoridad Mar\u00edtima Nacional y en funciones de Guardia Costera, refrenda su compromiso con la ciudadan\u00eda de la salvaguarda la vida humana en la mar.<\/p>\n","protected":false},"excerpt":{"rendered":"<p>Veracruz.- La Secretar\u00eda de Marina-Armada de M\u00e9xico, como Autoridad Mar\u00edtima Nacional y en funciones de Guardia Costera, informa que ayer, personal de la Primera Regi\u00f3n Naval adscrito a la Estaci\u00f3n Naval de B\u00fasqueda, Rescate y Vigilancia Mar\u00edtima (ENSAR) Veracruz, rescat\u00f3 a siete n\u00e1ufragos que se encontraban a bordo de una embarcaci\u00f3n pesquera de nombre \u201cYELLOWFIN\u201d, [&hellip;]<\/p>\n","protected":false},"author":6,"featured_media":5102,"comment_status":"open","ping_status":"open","sticky":false,"template":"","format":"standard","meta":{"_monsterinsights_skip_tracking":false,"_monsterinsights_sitenote_active":false,"_monsterinsights_sitenote_note":"","_monsterinsights_sitenote_category":0,"footnotes":""},"categories":[154],"tags":[162,1521,319,180],"class_list":["post-5101","post","type-post","status-publish","format-standard","has-post-thumbnail","hentry","category-veracruz","tag-portada","tag-rescate","tag-semar","tag-veracruz","wp-image-borders"],"amp_enabled":false,"_links":{"self":[{"href":"https:\/\/nvnoticias.mx\/index.php\/wp-json\/wp\/v2\/posts\/5101","targetHints":{"allow":["GET"]}}],"collection":[{"href":"https:\/\/nvnoticias.mx\/index.php\/wp-json\/wp\/v2\/posts"}],"about":[{"href":"https:\/\/nvnoticias.mx\/index.php\/wp-json\/wp\/v2\/types\/post"}],"author":[{"embeddable":true,"href":"https:\/\/nvnoticias.mx\/index.php\/wp-json\/wp\/v2\/users\/6"}],"replies":[{"embeddable":true,"href":"https:\/\/nvnoticias.mx\/index.php\/wp-json\/wp\/v2\/comments?post=5101"}],"version-history":[{"count":2,"href":"https:\/\/nvnoticias.mx\/index.php\/wp-json\/wp\/v2\/posts\/5101\/revisions"}],"predecessor-version":[{"id":5126,"href":"https:\/\/nvnoticias.mx\/index.php\/wp-json\/wp\/v2\/posts\/5101\/revisions\/5126"}],"wp:featuredmedia":[{"embeddable":true,"href":"https:\/\/nvnoticias.mx\/index.php\/wp-json\/wp\/v2\/media\/5102"}],"wp:attachment":[{"href":"https:\/\/nvnoticias.mx\/index.php\/wp-json\/wp\/v2\/media?parent=5101"}],"wp:term":[{"taxonomy":"category","embeddable":true,"href":"https:\/\/nvnoticias.mx\/index.php\/wp-json\/wp\/v2\/categories?post=5101"},{"taxonomy":"post_tag","embeddable":true,"href":"https:\/\/nvnoticias.mx\/index.php\/wp-json\/wp\/v2\/tags?post=5101"}],"curies":[{"name":"wp","href":"https:\/\/api.w.org\/{rel}","templated":true}]}}