{"id":50969,"date":"2022-04-20T13:49:24","date_gmt":"2022-04-20T18:49:24","guid":{"rendered":"https:\/\/nvnoticias.mx\/?p=50969"},"modified":"2022-04-20T13:49:25","modified_gmt":"2022-04-20T18:49:25","slug":"monreal-se-vuelve-personaje-de-caricatura-de-los-simpson","status":"publish","type":"post","link":"https:\/\/nvnoticias.mx\/index.php\/2022\/04\/20\/monreal-se-vuelve-personaje-de-caricatura-de-los-simpson\/","title":{"rendered":"Monreal se vuelve personaje de caricatura de Los Simpson"},"content":{"rendered":"\n<p>Ricardo Monreal, coordinador de Morena en el Senado, presumi\u00f3 en redes sociales su caricatura como uno de los personajes de Los Simpson, y expres\u00f3 que espera estar pronto en sus profec\u00edas. <\/p>\n\n\n\n<p>En redes sociales, el tambi\u00e9n aspirante presidencial comparti\u00f3 la imagen que le hicieron llegar en el marco del aniversario 35 de la serie estadunidense. <\/p>\n\n\n\n<blockquote class=\"wp-block-quote is-layout-flow wp-block-quote-is-layout-flow\"><p>\u201c<em>Alguien me hizo llegar esta caricatura, y es que ayer cumplieron 35 a\u00f1os Los Simpson; espero pronto estar en sus profec\u00edas. Responde esta publicaci\u00f3n con tu escena favorita del programa<\/em>\u201d, escribi\u00f3 en Twitter.<\/p><\/blockquote>\n\n\n\n<figure class=\"wp-block-embed is-type-rich is-provider-twitter wp-block-embed-twitter\"><div class=\"wp-block-embed__wrapper\">\n<blockquote class=\"twitter-tweet\" data-width=\"550\" data-dnt=\"true\"><p lang=\"es\" dir=\"ltr\">Alguien me hizo llegar esta caricatura, y es que ayer cumplieron 35 a\u00f1os Los Simpson; espero pronto estar en sus profec\u00edas. <br><br>???????? Responde esta publicaci\u00f3n con tu escena favorita del programa. <a href=\"https:\/\/t.co\/BzLHo5IUlD\">pic.twitter.com\/BzLHo5IUlD<\/a><\/p>&mdash; Ricardo Monreal A. (@RicardoMonrealA) <a href=\"https:\/\/twitter.com\/RicardoMonrealA\/status\/1516779712403542017?ref_src=twsrc%5Etfw\">April 20, 2022<\/a><\/blockquote><script async src=\"https:\/\/platform.twitter.com\/widgets.js\" charset=\"utf-8\"><\/script>\n<\/div><\/figure>\n\n\n\n<p>Hace varios meses, Ricardo Monreal manifest\u00f3 su intenci\u00f3n de participar como aspirante de Morena en las elecciones presidenciales que se realizar\u00e1n en 2024. <\/p>\n\n\n\n<p>En redes sociales se han destacado varias \u201cprofec\u00edas\u201d en los cap\u00edtulos de Los Simpson como el ataque de las Torres Gemelas en 2001, las elecciones de 2008 donde gan\u00f3 Barack Obama o en 2016 donde result\u00f3 presidente Donald Trump; as\u00ed como la aparici\u00f3n del coronavirus. <\/p>\n\n\n\n<p>Fuente: <a href=\"https:\/\/www.milenio.com\/politica\/monreal-se-convierte-en-personaje-de-los-simpson-en-caricatura\">Milenio<\/a><\/p>\n","protected":false},"excerpt":{"rendered":"<p>Ricardo Monreal, coordinador de Morena en el Senado, presumi\u00f3 en redes sociales su caricatura como uno de los personajes de Los Simpson, y expres\u00f3 que espera estar pronto en sus profec\u00edas. En redes sociales, el tambi\u00e9n aspirante presidencial comparti\u00f3 la imagen que le hicieron llegar en el marco del aniversario 35 de la serie estadunidense. [&hellip;]<\/p>\n","protected":false},"author":8,"featured_media":50971,"comment_status":"open","ping_status":"open","sticky":false,"template":"","format":"standard","meta":{"_monsterinsights_skip_tracking":false,"_monsterinsights_sitenote_active":false,"_monsterinsights_sitenote_note":"","_monsterinsights_sitenote_category":0,"footnotes":""},"categories":[158],"tags":[8793,1097,600],"class_list":["post-50969","post","type-post","status-publish","format-standard","has-post-thumbnail","hentry","category-politica","tag-caricatura","tag-los-simpson","tag-ricardo-monreal","wp-image-borders"],"amp_enabled":true,"_links":{"self":[{"href":"https:\/\/nvnoticias.mx\/index.php\/wp-json\/wp\/v2\/posts\/50969","targetHints":{"allow":["GET"]}}],"collection":[{"href":"https:\/\/nvnoticias.mx\/index.php\/wp-json\/wp\/v2\/posts"}],"about":[{"href":"https:\/\/nvnoticias.mx\/index.php\/wp-json\/wp\/v2\/types\/post"}],"author":[{"embeddable":true,"href":"https:\/\/nvnoticias.mx\/index.php\/wp-json\/wp\/v2\/users\/8"}],"replies":[{"embeddable":true,"href":"https:\/\/nvnoticias.mx\/index.php\/wp-json\/wp\/v2\/comments?post=50969"}],"version-history":[{"count":1,"href":"https:\/\/nvnoticias.mx\/index.php\/wp-json\/wp\/v2\/posts\/50969\/revisions"}],"predecessor-version":[{"id":50972,"href":"https:\/\/nvnoticias.mx\/index.php\/wp-json\/wp\/v2\/posts\/50969\/revisions\/50972"}],"wp:featuredmedia":[{"embeddable":true,"href":"https:\/\/nvnoticias.mx\/index.php\/wp-json\/wp\/v2\/media\/50971"}],"wp:attachment":[{"href":"https:\/\/nvnoticias.mx\/index.php\/wp-json\/wp\/v2\/media?parent=50969"}],"wp:term":[{"taxonomy":"category","embeddable":true,"href":"https:\/\/nvnoticias.mx\/index.php\/wp-json\/wp\/v2\/categories?post=50969"},{"taxonomy":"post_tag","embeddable":true,"href":"https:\/\/nvnoticias.mx\/index.php\/wp-json\/wp\/v2\/tags?post=50969"}],"curies":[{"name":"wp","href":"https:\/\/api.w.org\/{rel}","templated":true}]}}